{"id":999,"date":"2023-09-10T17:19:20","date_gmt":"2023-09-10T17:19:20","guid":{"rendered":"http:\/\/lagumex.mx\/index\/?p=999"},"modified":"2023-09-13T17:21:36","modified_gmt":"2023-09-13T17:21:36","slug":"esteban-villegas-esta-a-mano-con-lerdo-homero-martinez","status":"publish","type":"post","link":"https:\/\/lagumex.mx\/index\/durango\/esteban-villegas-esta-a-mano-con-lerdo-homero-martinez\/","title":{"rendered":"Esteban Villegas est\u00e1 a mano con Lerdo: Homero Mart\u00ednez"},"content":{"rendered":"\n<h2 class=\"wp-block-heading\">El alcalde destac\u00f3 que al mandatario estatal le ha respondido a La Laguna<\/h2>\n\n\n\n<p>10 de septiembre de 2023. Durango, Durango (OEM).- Minutos antes de que diera inicio el Primer Informe de Gobierno a cargo del Gobernador, Esteban Villegas Villarreal, el presidente municipal de Lerdo, destac\u00f3 que el mandatario estatal no le debe nada a Lerdo y que al contrario, e tema de seguridad, salud e inversi\u00f3n, las cosas van machando bien.<\/p>\n\n\n\n<p>\u201cUn agradecimiento al gobernador Esteban Villegas porque a Lerdo le ha cumplido, todos los 16 centros de salud que hoy tenemos se cuenta con enfermeras, m\u00e9dicos, nos ayud\u00f3 con el terreno para construir el corral\u00f3n municipal, nos otorg\u00f3 30 toneladas de ma\u00edz forrajero para los ejidatarios, nos ayud\u00f3 con semilla de avena, nos ayud\u00f3 con algunos c\u00e1rcamos; son obras importantes para el municipio\u201d, destac\u00f3.<\/p>\n\n\n\n<p>En este mismos sentido refiri\u00f3 que Esteban Villegas est\u00e1 entregando buenos resultados en apenas un a\u00f1o y sobre todo, en el tema del saneamiento de las finanzas p\u00fablicas el que Durango est\u00e9 e sem\u00e1foro verde lo cual permite al gobierno margen de maniobra para continuar implementando pol\u00edticas p\u00fablicas en favor de los sectores m\u00e1s vulnerables.<\/p>\n\n\n\n<p>Contrario a la administraci\u00f3n anterior hoy en d\u00eda el Gobierno del Estado no le debe un solo peso a los municipios, \u201cest\u00e1 a mano con Lerdo, no nos debe un solo peso, y esa es una gran ventaja para nosotros por eso sin duda el agradecimiento al Gobernador, Esteban Villegas Villarreal.<\/p>\n","protected":false},"excerpt":{"rendered":"<p>El alcalde destac\u00f3 que al mandatario estatal le ha respondido a La Laguna 10 de septiembre de 2023. Durango, Durango (OEM).- Minutos antes de que diera inicio el Primer Informe de Gobierno a cargo del Gobernador, Esteban Villegas Villarreal, el presidente municipal de Lerdo, destac\u00f3 que el mandatario estatal no le debe nada a Lerdo&#8230;<\/p>\n","protected":false},"author":1,"featured_media":1000,"comment_status":"open","ping_status":"open","sticky":false,"template":"","format":"standard","meta":{"footnotes":""},"categories":[1,3],"tags":[],"class_list":["post-999","post","type-post","status-publish","format-standard","has-post-thumbnail","hentry","category-durango","category-lerdo"],"_links":{"self":[{"href":"https:\/\/lagumex.mx\/index\/wp-json\/wp\/v2\/posts\/999","targetHints":{"allow":["GET"]}}],"collection":[{"href":"https:\/\/lagumex.mx\/index\/wp-json\/wp\/v2\/posts"}],"about":[{"href":"https:\/\/lagumex.mx\/index\/wp-json\/wp\/v2\/types\/post"}],"author":[{"embeddable":true,"href":"https:\/\/lagumex.mx\/index\/wp-json\/wp\/v2\/users\/1"}],"replies":[{"embeddable":true,"href":"https:\/\/lagumex.mx\/index\/wp-json\/wp\/v2\/comments?post=999"}],"version-history":[{"count":1,"href":"https:\/\/lagumex.mx\/index\/wp-json\/wp\/v2\/posts\/999\/revisions"}],"predecessor-version":[{"id":1001,"href":"https:\/\/lagumex.mx\/index\/wp-json\/wp\/v2\/posts\/999\/revisions\/1001"}],"wp:featuredmedia":[{"embeddable":true,"href":"https:\/\/lagumex.mx\/index\/wp-json\/wp\/v2\/media\/1000"}],"wp:attachment":[{"href":"https:\/\/lagumex.mx\/index\/wp-json\/wp\/v2\/media?parent=999"}],"wp:term":[{"taxonomy":"category","embeddable":true,"href":"https:\/\/lagumex.mx\/index\/wp-json\/wp\/v2\/categories?post=999"},{"taxonomy":"post_tag","embeddable":true,"href":"https:\/\/lagumex.mx\/index\/wp-json\/wp\/v2\/tags?post=999"}],"curies":[{"name":"wp","href":"https:\/\/api.w.org\/{rel}","templated":true}]}}