{"id":997,"date":"2023-09-03T17:15:25","date_gmt":"2023-09-03T17:15:25","guid":{"rendered":"http:\/\/lagumex.mx\/index\/?p=997"},"modified":"2023-09-13T17:19:18","modified_gmt":"2023-09-13T17:19:18","slug":"instituto-municipal-de-la-juventud-apertura-cursos-gratuitos","status":"publish","type":"post","link":"https:\/\/lagumex.mx\/index\/lerdo\/instituto-municipal-de-la-juventud-apertura-cursos-gratuitos\/","title":{"rendered":"Instituto Municipal de la Juventud apertura cursos gratuitos"},"content":{"rendered":"\n<h2 class=\"wp-block-heading\">Los cursos son en las materias de ingl\u00e9s e inform\u00e1tica<\/h2>\n\n\n\n<p>03 de septiembre de 2023.El director del Instituto Municipal de la Juventud (IMJ), David Cano, invita a los j\u00f3venes interesados en mejorar sus habilidades tecnol\u00f3gicas y ling\u00fc\u00edsticas, para inscribirse a los cursos gratuitos de ingl\u00e9s e Inform\u00e1tica en la Unidad Administrativa de San Isidro.<\/p>\n\n\n\n<p>\u201cPor el convenio con el CECATI 20 y el gran apoyo de nuestro Presidente Municipal, el Dr. Homero Mart\u00ednez Cabrera, los cursos son gratuitos\u201d<\/p>\n\n\n\n<p>El funcionario se\u00f1al\u00f3 que gracias al convenio de colaboraci\u00f3n celebrado con el Centro de Capacitaciones para el Trabajo Industrial n\u00famero 20, en el Municipio de Lerdo se han desarrollado diversos talleres orientados a la juventud; como el de soldadura, de inform\u00e1tica, y esta vez, se suma el curso de ingl\u00e9s inicial.<\/p>\n\n\n\n<p>La capacitaci\u00f3n de ingl\u00e9s ser\u00e1 los d\u00edas lunes, martes y mi\u00e9rcoles, en un horario de 9:00 a 11:00 de la ma\u00f1ana. Y la de inform\u00e1tica, los mismos d\u00edas de 11:00 de la ma\u00f1ana a 1:00 de la tarde, en las instalaciones del Instituto Municipal de la Juventud, al interior de la Unidad Administrativa de la colonia San Isidro.<\/p>\n\n\n\n<p>Para inscribirse es necesario acudir con copia de la siguiente papeler\u00eda; credencial, CURP, comprobante de domicilio y acta de nacimiento, as\u00ed como 2 fotograf\u00edas tama\u00f1o credencial, a las oficinas del IMJ en calle Ram\u00f3n Leyva #400, esquina con L\u00f3pez Ray\u00f3n, en un horario de 8:00 de la ma\u00f1ana a 4:00 de la tarde, de lunes a viernes.<\/p>\n","protected":false},"excerpt":{"rendered":"<p>Los cursos son en las materias de ingl\u00e9s e inform\u00e1tica 03 de septiembre de 2023.El director del Instituto Municipal de la Juventud (IMJ), David Cano, invita a los j\u00f3venes interesados en mejorar sus habilidades tecnol\u00f3gicas y ling\u00fc\u00edsticas, para inscribirse a los cursos gratuitos de ingl\u00e9s e Inform\u00e1tica en la Unidad Administrativa de San Isidro. \u201cPor&#8230;<\/p>\n","protected":false},"author":1,"featured_media":0,"comment_status":"open","ping_status":"open","sticky":false,"template":"","format":"standard","meta":{"footnotes":""},"categories":[3],"tags":[],"class_list":["post-997","post","type-post","status-publish","format-standard","hentry","category-lerdo"],"_links":{"self":[{"href":"https:\/\/lagumex.mx\/index\/wp-json\/wp\/v2\/posts\/997","targetHints":{"allow":["GET"]}}],"collection":[{"href":"https:\/\/lagumex.mx\/index\/wp-json\/wp\/v2\/posts"}],"about":[{"href":"https:\/\/lagumex.mx\/index\/wp-json\/wp\/v2\/types\/post"}],"author":[{"embeddable":true,"href":"https:\/\/lagumex.mx\/index\/wp-json\/wp\/v2\/users\/1"}],"replies":[{"embeddable":true,"href":"https:\/\/lagumex.mx\/index\/wp-json\/wp\/v2\/comments?post=997"}],"version-history":[{"count":1,"href":"https:\/\/lagumex.mx\/index\/wp-json\/wp\/v2\/posts\/997\/revisions"}],"predecessor-version":[{"id":998,"href":"https:\/\/lagumex.mx\/index\/wp-json\/wp\/v2\/posts\/997\/revisions\/998"}],"wp:attachment":[{"href":"https:\/\/lagumex.mx\/index\/wp-json\/wp\/v2\/media?parent=997"}],"wp:term":[{"taxonomy":"category","embeddable":true,"href":"https:\/\/lagumex.mx\/index\/wp-json\/wp\/v2\/categories?post=997"},{"taxonomy":"post_tag","embeddable":true,"href":"https:\/\/lagumex.mx\/index\/wp-json\/wp\/v2\/tags?post=997"}],"curies":[{"name":"wp","href":"https:\/\/api.w.org\/{rel}","templated":true}]}}