{"id":988,"date":"2023-09-12T17:50:49","date_gmt":"2023-09-12T17:50:49","guid":{"rendered":"http:\/\/lagumex.mx\/index\/?p=988"},"modified":"2023-09-12T17:50:49","modified_gmt":"2023-09-12T17:50:49","slug":"reconoce-mars-coordinacion-con-ayuntamiento-de-torreon-en-la-construccion-del-sv4c","status":"publish","type":"post","link":"https:\/\/lagumex.mx\/index\/uncategorized\/uac\/uac-uac\/coahuila-coahuila\/reconoce-mars-coordinacion-con-ayuntamiento-de-torreon-en-la-construccion-del-sv4c\/","title":{"rendered":"RECONOCE MARS COORDINACI\u00d3N CON AYUNTAMIENTO DE TORRE\u00d3N EN LA CONSTRUCCI\u00d3N DEL SV4C"},"content":{"rendered":"\n<p>Torre\u00f3n, Coahuila de Zaragoza; a 11 de Septiembre de 2023.- El gobernador Miguel \u00c1ngel Riquelme Sol\u00eds reconoci\u00f3 la estrecha coordinaci\u00f3n con el alcalde Rom\u00e1n Alberto Cepeda Gonz\u00e1lez en la construcci\u00f3n del Sistema Vial Cuatro Caminos (SV4C), en el cual se invirtieron m\u00e1s de 500 millones de pesos y que ser\u00e1 inaugurado el pr\u00f3ximo 18 de septiembre.<\/p>\n\n\n\n<p>&nbsp;Al encabezar la reuni\u00f3n del Subcomit\u00e9 T\u00e9cnico Regional Covid-19 Laguna, el Mandatario estatal destac\u00f3 que no se tuvo ning\u00fan contratiempo durante la edificaci\u00f3n de la obra, por lo que agradeci\u00f3 a las empresas constructoras y al comercio en general.<\/p>\n\n\n\n<p>&nbsp;Con respecto al Paso Villa Florida, reconoci\u00f3 que es muy funcional: \u201cSon dos vialidades que generar\u00e1n fluidez hacia el norte\u201d.<\/p>\n\n\n\n<p>&nbsp;De la misma manera, hizo un reconocimiento al equipo Algodoneros del Uni\u00f3n Laguna y a su presidente, Guillermo Murra Marroqu\u00edn, por sus primeros dos triunfos en la Final de la Liga Mexicana de Beisbol: \u201cEsperamos que te traigas de all\u00e1 (Puebla) la Serie del Rey\u201d.<\/p>\n\n\n\n<p>&nbsp;En cuanto a la conmemoraci\u00f3n del Grito de Independencia, Miguel Riquelme solicit\u00f3 al Ayuntamiento de Torre\u00f3n que se empiecen a hacer desplegados para informar a la poblaci\u00f3n c\u00f3mo ser\u00e1 esta ceremonia, pues, dijo, \u201chay que cuidarlo\u201d.<\/p>\n\n\n\n<p>&nbsp;En ese sentido, el Comandante de la XI Regi\u00f3n Militar, el General de Divisi\u00f3n DEM Eufemio Alberto Ibarra Flores, dijo que est\u00e1n listos para apoyar en las ceremonias del Grito de Independencia y los desfiles de la Regi\u00f3n Laguna, lo que les fue reconocido por esta mesa.<\/p>\n\n\n\n<p>&nbsp;ACUERDOS<\/p>\n\n\n\n<p>En esta reuni\u00f3n se lleg\u00f3 a los siguientes acuerdos:<\/p>\n\n\n\n<p>&#8211; El Secretario de Educaci\u00f3n, Francisco Saracho Navarro, se reunir\u00e1 con las secciones sindicales para informarles la ruta de los libros de texto, para evitar cualquier desinformaci\u00f3n.<\/p>\n\n\n\n<p>&#8211; Se autoriza al Coliseo Centenario realizar el concierto de Black Eyed Peas el 30 de septiembre.<\/p>\n","protected":false},"excerpt":{"rendered":"<p>Torre\u00f3n, Coahuila de Zaragoza; a 11 de Septiembre de 2023.- El gobernador Miguel \u00c1ngel Riquelme Sol\u00eds reconoci\u00f3 la estrecha coordinaci\u00f3n con el alcalde Rom\u00e1n Alberto Cepeda Gonz\u00e1lez en la construcci\u00f3n del Sistema Vial Cuatro Caminos (SV4C), en el cual se invirtieron m\u00e1s de 500 millones de pesos y que ser\u00e1 inaugurado el pr\u00f3ximo 18 de&#8230;<\/p>\n","protected":false},"author":1,"featured_media":989,"comment_status":"open","ping_status":"open","sticky":false,"template":"","format":"standard","meta":{"footnotes":""},"categories":[2],"tags":[],"class_list":["post-988","post","type-post","status-publish","format-standard","has-post-thumbnail","hentry","category-coahuila-coahuila"],"_links":{"self":[{"href":"https:\/\/lagumex.mx\/index\/wp-json\/wp\/v2\/posts\/988","targetHints":{"allow":["GET"]}}],"collection":[{"href":"https:\/\/lagumex.mx\/index\/wp-json\/wp\/v2\/posts"}],"about":[{"href":"https:\/\/lagumex.mx\/index\/wp-json\/wp\/v2\/types\/post"}],"author":[{"embeddable":true,"href":"https:\/\/lagumex.mx\/index\/wp-json\/wp\/v2\/users\/1"}],"replies":[{"embeddable":true,"href":"https:\/\/lagumex.mx\/index\/wp-json\/wp\/v2\/comments?post=988"}],"version-history":[{"count":1,"href":"https:\/\/lagumex.mx\/index\/wp-json\/wp\/v2\/posts\/988\/revisions"}],"predecessor-version":[{"id":990,"href":"https:\/\/lagumex.mx\/index\/wp-json\/wp\/v2\/posts\/988\/revisions\/990"}],"wp:featuredmedia":[{"embeddable":true,"href":"https:\/\/lagumex.mx\/index\/wp-json\/wp\/v2\/media\/989"}],"wp:attachment":[{"href":"https:\/\/lagumex.mx\/index\/wp-json\/wp\/v2\/media?parent=988"}],"wp:term":[{"taxonomy":"category","embeddable":true,"href":"https:\/\/lagumex.mx\/index\/wp-json\/wp\/v2\/categories?post=988"},{"taxonomy":"post_tag","embeddable":true,"href":"https:\/\/lagumex.mx\/index\/wp-json\/wp\/v2\/tags?post=988"}],"curies":[{"name":"wp","href":"https:\/\/api.w.org\/{rel}","templated":true}]}}