{"id":959,"date":"2023-09-01T20:07:16","date_gmt":"2023-09-01T20:07:16","guid":{"rendered":"http:\/\/lagumex.mx\/index\/?p=959"},"modified":"2023-09-05T16:51:12","modified_gmt":"2023-09-05T16:51:12","slug":"coahuila-cuenta-con-una-educacion-de-calidad-pertenencia-e-inclusion-mars","status":"publish","type":"post","link":"https:\/\/lagumex.mx\/index\/uncategorized\/uac\/uac-uac\/coahuila-coahuila\/coahuila-cuenta-con-una-educacion-de-calidad-pertenencia-e-inclusion-mars\/","title":{"rendered":"COAHUILA CUENTA CON UNA EDUCACI\u00d3N DE CALIDAD, PERTENENCIA E INCLUSI\u00d3N: MARS"},"content":{"rendered":"\n<h2 class=\"wp-block-heading\">El gobernador Miguel Riquelme inicia la construcci\u00f3n de Secundaria de Nueva Creaci\u00f3n.<\/h2>\n\n\n\n<p>Saltillo, Coahuila de Zaragoza; a 31 de Agosto de 2023.- Al colocar la primera piedra de la Secundaria de Nueva Creaci\u00f3n, en la Colonia Hacienda Narro, el gobernador Miguel \u00c1ngel Riquelme Sol\u00eds sostuvo que Coahuila cuenta con una educaci\u00f3n de calidad, de pertenencia y de inclusi\u00f3n.<\/p>\n\n\n\n<p>Al mismo tiempo, reiter\u00f3 su agradecimiento a las y a los coahuilenses que respaldaron solidariamente su Administraci\u00f3n, destacando que a 90 d\u00edas de concluirla, se trabaja con intensidad en todas las regiones de la entidad.<\/p>\n\n\n\n<p>Junto al Secretario del Ayuntamiento de Saltillo, Carlos Estrada Flores, quien asisti\u00f3 en representaci\u00f3n del alcalde Jos\u00e9 Mar\u00eda Fraustro Siller; del Secretario de Educaci\u00f3n de Coahuila, Francisco Saracho Navarro, y del Director del Instituto Coahuilense de la Infraestructura Educativa (ICIFED), Julio Long Hern\u00e1ndez, puso en marcha la obra.<\/p>\n\n\n\n<p>La Secundaria de Nueva Creaci\u00f3n beneficiar\u00e1 a sus 242 alumnos y 12 docentes, quienes desde hace tres a\u00f1os trabajan en un inmueble prestado en la misma colonia.<\/p>\n\n\n\n<p>Ante padres de familia, estudiantes, maestros y vecinos del sector, expres\u00f3 su reconocimiento a las y los docentes de todo Coahuila, por su trabajo para mejorar la calidad educativa.<\/p>\n\n\n\n<p>En ese sentido, record\u00f3 que luego de la pandemia por el Covid-19, con el apoyo del magisterio, padres de familia y estudiantes, fue posible reanudar las clases satisfactoriamente en todos los niveles educativos.<\/p>\n\n\n\n<p>Asimismo, felicit\u00f3 a la comunidad estudiantil y docente de la secundaria de la Colonia Hacienda Narro, porque los \u00faltimos tres a\u00f1os trabajaron en un local prestado y en breve contar\u00e1n con un plantel propio.<\/p>\n\n\n\n<p>El edificio, que contar\u00e1 con siete aulas, sanitarios, alumbrado, barda perimetral y equipamiento, quedar\u00e1 terminado en no m\u00e1s de cuatro meses, para lo que se aplicar\u00e1 un inversi\u00f3n de 9.8 millones de pesos, recursos 100 por ciento estatales.<\/p>\n\n\n\n<p>Adem\u00e1s, el gobernador Miguel Riquelme record\u00f3 que la construcci\u00f3n del plantel atiende a un compromiso con su comunidad docente y estudiantil.<\/p>\n\n\n\n<p>&nbsp;\u201cCon el respaldo del Ayuntamiento de Saltillo\u201d, expres\u00f3: \u201cLa cancha de usos m\u00faltiples enclavada en el \u00e1rea verde aleda\u00f1a al terreno donde se edifica el inmueble, formar\u00e1 parte de las instalaciones del plantel\u201d.<\/p>\n\n\n\n<p>Por otra parte, resalt\u00f3 que Coahuila cuenta con una educaci\u00f3n de calidad, de pertenencia y de inclusi\u00f3n, donde se forman sus futuros profesionistas, quienes en su oportunidad, se incorporan al sector productivo del estado, abund\u00f3.<\/p>\n\n\n\n<p>Luego reiter\u00f3 que hasta el \u00faltimo d\u00eda de su Administraci\u00f3n se trabajar\u00e1 con gran entusiasmo y no relajar\u00e1 su funci\u00f3n en todas y cada una de las regiones de la entidad.<\/p>\n\n\n\n<p>A\u00f1adi\u00f3 que Coahuila se mantiene como una entidad tranquila, segura y en paz, y que su compromiso es mantener la estabilidad y el equilibrio, que permiten consolidar logros trascendentales para el Estado, como la seguridad, la llegada de inversiones y la competitividad, entre otros rubros.<\/p>\n\n\n\n<p>En tanto, el Secretario de Educaci\u00f3n estatal, Francisco Saracho Navarro, destac\u00f3 que el gobierno de Miguel Riquelme enfrent\u00f3 con \u00e9xito diversos retos en el sector educativo.<\/p>\n\n\n\n<p>Destac\u00f3 que el inicio de la construcci\u00f3n del plantel representa el cumplimiento de un compromiso del Gobernador del Estado con su comunidad educativa.<\/p>\n\n\n\n<p>Refiri\u00f3 que tambi\u00e9n se trabajar\u00e1 en la construcci\u00f3n de otras 6 escuelas en las pr\u00f3ximas semanas, tanto en Allende, como en Ciudad Acu\u00f1a, Torre\u00f3n y Ramos Arizpe.<\/p>\n\n\n\n<p>En paralelo, sostuvo Saracho Navarro, el gobernador Miguel Riquelme determin\u00f3 la aplicaci\u00f3n de 49.5 millones de pesos para la adquisici\u00f3n de mobiliario y equipo para escuelas del nivel b\u00e1sico, para sustituir aquellos en malas condiciones.<\/p>\n\n\n\n<p>\u201cSu compromiso es brindar un servicio educativo de calidad, en espacios dignos y adecuados, lo que nos mueve a&nbsp; seguir trabajando a trav\u00e9s del ICIFED para dar cumplimiento a las demandas de maestros y alumnos\u201d, indic\u00f3.<\/p>\n\n\n\n<p>&nbsp;\u201cEn Coahuila, el centro de la educaci\u00f3n b\u00e1sica son las ni\u00f1as, ni\u00f1os y adolescentes, a quienes reiteramos que nuestro trabajo es mejorar la calidad educativa\u201d.<\/p>\n\n\n\n<p>Mientras que el titular del Instituto Coahuilense de la Infraestructura Educativa, Julio Long Hern\u00e1ndez, detall\u00f3 las caracter\u00edsticas de la obra.<\/p>\n\n\n\n<p>En ese contexto, inform\u00f3 que tan s\u00f3lo este a\u00f1o el Gobierno de Miguel Riquelme destina 350 millones de pesos a la rehabilitaci\u00f3n de escuelas, construcci\u00f3n de aulas did\u00e1cticas y edificaci\u00f3n de talleres de c\u00f3mputo, as\u00ed como la dotaci\u00f3n de mobiliario y equipo.<\/p>\n\n\n\n<p>A nombre de las y los alumnos del plantel, Andrea Patricia Ovalle Alem\u00e1n, estudiante del segundo grado, agradeci\u00f3 al gobernador Miguel Riquelme el inicio de la obra, que har\u00e1 realidad el sue\u00f1o de sus compa\u00f1eros de contar con un edificio propio.<\/p>\n","protected":false},"excerpt":{"rendered":"<p>El gobernador Miguel Riquelme inicia la construcci\u00f3n de Secundaria de Nueva Creaci\u00f3n. Saltillo, Coahuila de Zaragoza; a 31 de Agosto de 2023.- Al colocar la primera piedra de la Secundaria de Nueva Creaci\u00f3n, en la Colonia Hacienda Narro, el gobernador Miguel \u00c1ngel Riquelme Sol\u00eds sostuvo que Coahuila cuenta con una educaci\u00f3n de calidad, de pertenencia&#8230;<\/p>\n","protected":false},"author":1,"featured_media":960,"comment_status":"open","ping_status":"open","sticky":false,"template":"","format":"standard","meta":{"footnotes":""},"categories":[2],"tags":[],"class_list":["post-959","post","type-post","status-publish","format-standard","has-post-thumbnail","hentry","category-coahuila-coahuila"],"_links":{"self":[{"href":"https:\/\/lagumex.mx\/index\/wp-json\/wp\/v2\/posts\/959","targetHints":{"allow":["GET"]}}],"collection":[{"href":"https:\/\/lagumex.mx\/index\/wp-json\/wp\/v2\/posts"}],"about":[{"href":"https:\/\/lagumex.mx\/index\/wp-json\/wp\/v2\/types\/post"}],"author":[{"embeddable":true,"href":"https:\/\/lagumex.mx\/index\/wp-json\/wp\/v2\/users\/1"}],"replies":[{"embeddable":true,"href":"https:\/\/lagumex.mx\/index\/wp-json\/wp\/v2\/comments?post=959"}],"version-history":[{"count":2,"href":"https:\/\/lagumex.mx\/index\/wp-json\/wp\/v2\/posts\/959\/revisions"}],"predecessor-version":[{"id":983,"href":"https:\/\/lagumex.mx\/index\/wp-json\/wp\/v2\/posts\/959\/revisions\/983"}],"wp:featuredmedia":[{"embeddable":true,"href":"https:\/\/lagumex.mx\/index\/wp-json\/wp\/v2\/media\/960"}],"wp:attachment":[{"href":"https:\/\/lagumex.mx\/index\/wp-json\/wp\/v2\/media?parent=959"}],"wp:term":[{"taxonomy":"category","embeddable":true,"href":"https:\/\/lagumex.mx\/index\/wp-json\/wp\/v2\/categories?post=959"},{"taxonomy":"post_tag","embeddable":true,"href":"https:\/\/lagumex.mx\/index\/wp-json\/wp\/v2\/tags?post=959"}],"curies":[{"name":"wp","href":"https:\/\/api.w.org\/{rel}","templated":true}]}}