{"id":950,"date":"2023-08-31T20:02:45","date_gmt":"2023-08-31T20:02:45","guid":{"rendered":"http:\/\/lagumex.mx\/index\/?p=950"},"modified":"2023-09-02T20:04:13","modified_gmt":"2023-09-02T20:04:13","slug":"esteban-cumple-sueno-de-laguneros-equipa-area-oncologica-del-nuevo-hospital-de-gomez-palacio","status":"publish","type":"post","link":"https:\/\/lagumex.mx\/index\/durango\/esteban-cumple-sueno-de-laguneros-equipa-area-oncologica-del-nuevo-hospital-de-gomez-palacio\/","title":{"rendered":"Esteban cumple sue\u00f1o de laguneros, equipa \u00e1rea oncol\u00f3gica del nuevo Hospital de G\u00f3mez Palacio"},"content":{"rendered":"\n<h2 class=\"wp-block-heading\">Ahora cuentan con un acelerador lineal y aparato de braquiterapia para atender a m\u00e1s de 118 mil pacientes.<\/h2>\n\n\n\n<p>31 de agosto de 2023. A un a\u00f1o de trabajo, hicimos realidad el sue\u00f1o de las familias laguneras, de contar con un Hospital de Especialidades digno y funcional, que brinda un servicio de calidad en el \u00e1rea de oncolog\u00eda, destac\u00f3 el gobernador Esteban Villegas Villarreal al poner en marcha\u00a0 un acelerador lineal y un aparato de braquiterapia para atender a m\u00e1s de 118 mil pacientes de esta regi\u00f3n.<\/p>\n\n\n\n<p>\u201cUstedes sue\u00f1an en grande y nosotros cumplimos en grande\u201d, dijo el gobernador al cumplir con el compromiso de rescatar el sistema de salud y en particular, el Hospital General de G\u00f3mez Palacio, ya que era un sentido reclamo de la poblaci\u00f3n, al ver este centro pr\u00e1cticamente en el abandono al inicio de la administraci\u00f3n estatal.<\/p>\n\n\n\n<p>El acelerador lineal es un dispositivo que permite la aplicaci\u00f3n de la radioterapia a pacientes que padecen c\u00e1ncer y que fue instalado en un \u00e1rea creada para ello, con todos los protocolos de seguridad sanitaria.<\/p>\n\n\n\n<p>Desde el mes de abril, cuando se instal\u00f3 el equipo bajo la supervisi\u00f3n de especialistas a la&nbsp; fecha, se hicieron las pruebas pertinentes de su funcionamiento y se han tramitado las licencias sanitarias y permisos de funcionamiento ante la Secretar\u00eda de Energ\u00eda del Gobierno de M\u00e9xico, as\u00ed como de la Comisi\u00f3n Federal para la Protecci\u00f3n contra Riesgos Sanitarios (Cofepris) y hoy, se encuentra listo para retomar este proyecto de gran beneficio para la regi\u00f3n laguna.<\/p>\n\n\n\n<p>La puesta en marcha de este aparato especializado permitir\u00e1 atender a pacientes de G\u00f3mez Palacio, Lerdo, Tlahualilo, Mapim\u00ed, San Juan de Guadalupe, Sim\u00f3n Bol\u00edvar, San Luis del Cordero, San Pedro de Gallo, Nazas y Rodeo, principalmente, adem\u00e1s&nbsp; de que estar\u00e1 en condiciones de apoyar a estados cercanos como Coahuila, Nuevo Le\u00f3n, Chihuahua y Zacatecas.<\/p>\n\n\n\n<p>Con el funcionamiento de \u00e1reas importantes como la de oncolog\u00eda, el Gobierno de Esteban cumple un compromiso m\u00e1s con los laguneros para que cuenten con servicios de salud y espacios dignos para cuidar su salud.<\/p>\n","protected":false},"excerpt":{"rendered":"<p>Ahora cuentan con un acelerador lineal y aparato de braquiterapia para atender a m\u00e1s de 118 mil pacientes. 31 de agosto de 2023. A un a\u00f1o de trabajo, hicimos realidad el sue\u00f1o de las familias laguneras, de contar con un Hospital de Especialidades digno y funcional, que brinda un servicio de calidad en el \u00e1rea&#8230;<\/p>\n","protected":false},"author":1,"featured_media":951,"comment_status":"open","ping_status":"open","sticky":false,"template":"","format":"standard","meta":{"footnotes":""},"categories":[1],"tags":[],"class_list":["post-950","post","type-post","status-publish","format-standard","has-post-thumbnail","hentry","category-durango"],"_links":{"self":[{"href":"https:\/\/lagumex.mx\/index\/wp-json\/wp\/v2\/posts\/950","targetHints":{"allow":["GET"]}}],"collection":[{"href":"https:\/\/lagumex.mx\/index\/wp-json\/wp\/v2\/posts"}],"about":[{"href":"https:\/\/lagumex.mx\/index\/wp-json\/wp\/v2\/types\/post"}],"author":[{"embeddable":true,"href":"https:\/\/lagumex.mx\/index\/wp-json\/wp\/v2\/users\/1"}],"replies":[{"embeddable":true,"href":"https:\/\/lagumex.mx\/index\/wp-json\/wp\/v2\/comments?post=950"}],"version-history":[{"count":1,"href":"https:\/\/lagumex.mx\/index\/wp-json\/wp\/v2\/posts\/950\/revisions"}],"predecessor-version":[{"id":952,"href":"https:\/\/lagumex.mx\/index\/wp-json\/wp\/v2\/posts\/950\/revisions\/952"}],"wp:featuredmedia":[{"embeddable":true,"href":"https:\/\/lagumex.mx\/index\/wp-json\/wp\/v2\/media\/951"}],"wp:attachment":[{"href":"https:\/\/lagumex.mx\/index\/wp-json\/wp\/v2\/media?parent=950"}],"wp:term":[{"taxonomy":"category","embeddable":true,"href":"https:\/\/lagumex.mx\/index\/wp-json\/wp\/v2\/categories?post=950"},{"taxonomy":"post_tag","embeddable":true,"href":"https:\/\/lagumex.mx\/index\/wp-json\/wp\/v2\/tags?post=950"}],"curies":[{"name":"wp","href":"https:\/\/api.w.org\/{rel}","templated":true}]}}