{"id":928,"date":"2023-08-27T07:35:00","date_gmt":"2023-08-27T07:35:00","guid":{"rendered":"http:\/\/lagumex.mx\/index\/?p=928"},"modified":"2023-08-28T19:36:24","modified_gmt":"2023-08-28T19:36:24","slug":"resuelven-anejo-problema-de-brote-de-aguas-negras-en-lerdo","status":"publish","type":"post","link":"https:\/\/lagumex.mx\/index\/lerdo\/resuelven-anejo-problema-de-brote-de-aguas-negras-en-lerdo\/","title":{"rendered":"Resuelven a\u00f1ejo problema de brote de aguas negras en Lerdo"},"content":{"rendered":"\n<h2 class=\"wp-block-heading\">El alcalde Homero Mart\u00ednez inform\u00f3 de la soluci\u00f3n a la demanda de las colonias Francisco Villa Norte y Sur<\/h2>\n\n\n\n<p>27 de agosto de 2023.El alcalde Homero Mart\u00ednez inform\u00f3 de la conclusi\u00f3n de la obra de drenaje en las colonias Francisco Villa Sur y Norte de Lerdo. \/ Foto: Sofy Ram\u00edrez | El Sol de La Laguna<\/p>\n\n\n\n<p>Luego de m\u00e1s de treinta a\u00f1os de un a\u00f1ejo problemas de brote de aguas negras en las colonias Francisco Villa Sur y Norte, el actual ayuntamiento que encabeza el alcalde Homero Mart\u00ednez resolvi\u00f3 esta problem\u00e1tica con una obra que reci\u00e9n concluy\u00f3 para favorecer a miles de habitantes de esos sectores habitacionales.<\/p>\n\n\n\n<p>Incluso, ante los desperfectos que con frecuencia se registraban por el vandalismo, con dicha obra se pudo darle una soluci\u00f3n a este a\u00f1ejo problema que registraba el brote de aguas negras por estar abajo del nivel de la red de drenaje.<\/p>\n\n\n\n<p>Al respecto, el alcalde Homero Mart\u00ednez explic\u00f3 que ante las constantes quejas de los vecinos de amabas colonias y de la 20 de Noviembre, se determin\u00f3 realizar una obra de un baip\u00e1s para poder renombrarse las aguas negras al colector principal y evitar que se presenten los brotes de aguas dom\u00e9sticas.<\/p>\n\n\n\n<p>Incluso, para ello, tanto personal de Obras P\u00fablicas como del Sistema de Agua Potable y Alcantarillado de Lerdo (SAPAL), se coordinaron para analizar y determinar la obra social para darle una soluci\u00f3n a este a\u00f1ejo problema.<\/p>\n\n\n\n<p>Por ello, hace unos d\u00edas se le inform\u00f3 del reporte de la conclusi\u00f3n de tan importante obra, la cual ser\u00e1 supervisada entre este lunes y martes para confirmar los buenos resultados, subray\u00f3 el alcalde Homero Mart\u00ednez.<\/p>\n\n\n\n<p>Finalmente, el presidente municipal dijo que de acuerdo a su plan integral de trabajo, se le ha dado una soluci\u00f3n de fondo a muchas demandas en materia de agua potable y drenaje, as\u00ed como en alumbrado p\u00fablico y pavimentaci\u00f3n.<\/p>\n","protected":false},"excerpt":{"rendered":"<p>El alcalde Homero Mart\u00ednez inform\u00f3 de la soluci\u00f3n a la demanda de las colonias Francisco Villa Norte y Sur 27 de agosto de 2023.El alcalde Homero Mart\u00ednez inform\u00f3 de la conclusi\u00f3n de la obra de drenaje en las colonias Francisco Villa Sur y Norte de Lerdo. \/ Foto: Sofy Ram\u00edrez | El Sol de La&#8230;<\/p>\n","protected":false},"author":1,"featured_media":929,"comment_status":"open","ping_status":"open","sticky":false,"template":"","format":"standard","meta":{"footnotes":""},"categories":[3],"tags":[],"class_list":["post-928","post","type-post","status-publish","format-standard","has-post-thumbnail","hentry","category-lerdo"],"_links":{"self":[{"href":"https:\/\/lagumex.mx\/index\/wp-json\/wp\/v2\/posts\/928","targetHints":{"allow":["GET"]}}],"collection":[{"href":"https:\/\/lagumex.mx\/index\/wp-json\/wp\/v2\/posts"}],"about":[{"href":"https:\/\/lagumex.mx\/index\/wp-json\/wp\/v2\/types\/post"}],"author":[{"embeddable":true,"href":"https:\/\/lagumex.mx\/index\/wp-json\/wp\/v2\/users\/1"}],"replies":[{"embeddable":true,"href":"https:\/\/lagumex.mx\/index\/wp-json\/wp\/v2\/comments?post=928"}],"version-history":[{"count":1,"href":"https:\/\/lagumex.mx\/index\/wp-json\/wp\/v2\/posts\/928\/revisions"}],"predecessor-version":[{"id":930,"href":"https:\/\/lagumex.mx\/index\/wp-json\/wp\/v2\/posts\/928\/revisions\/930"}],"wp:featuredmedia":[{"embeddable":true,"href":"https:\/\/lagumex.mx\/index\/wp-json\/wp\/v2\/media\/929"}],"wp:attachment":[{"href":"https:\/\/lagumex.mx\/index\/wp-json\/wp\/v2\/media?parent=928"}],"wp:term":[{"taxonomy":"category","embeddable":true,"href":"https:\/\/lagumex.mx\/index\/wp-json\/wp\/v2\/categories?post=928"},{"taxonomy":"post_tag","embeddable":true,"href":"https:\/\/lagumex.mx\/index\/wp-json\/wp\/v2\/tags?post=928"}],"curies":[{"name":"wp","href":"https:\/\/api.w.org\/{rel}","templated":true}]}}