{"id":925,"date":"2023-08-26T07:33:00","date_gmt":"2023-08-26T07:33:00","guid":{"rendered":"http:\/\/lagumex.mx\/index\/?p=925"},"modified":"2023-08-28T19:34:59","modified_gmt":"2023-08-28T19:34:59","slug":"alistan-en-lerdo-operativo-por-regreso-a-clases","status":"publish","type":"post","link":"https:\/\/lagumex.mx\/index\/lerdo\/alistan-en-lerdo-operativo-por-regreso-a-clases\/","title":{"rendered":"Alistan en Lerdo operativo por regreso a clases"},"content":{"rendered":"\n<h2 class=\"wp-block-heading\">26 de agosto de 2023.Con el pr\u00f3ximo inicio del ciclo escolar en todos los niveles de educaci\u00f3n, las autoridades de Lerdo han anunciado el lanzamiento del operativo \u00abRegreso a Clase\u00bb, dirigido por las direcciones de Seguridad P\u00fablica, Vialidad y Educaci\u00f3n, con el \u00fanico objetivo de garantizar la seguridad de los estudiantes y conductores, haciendo un llamado especial a los padres de familia para que planifiquen sus desplazamientos con antelaci\u00f3n y evitar accidentes viales.<\/h2>\n\n\n\n<p>Al respecto, Francisco de Hoyos, director de Tr\u00e1nsito y Vialidad, comparti\u00f3 detalles sobre las medidas que se implementar\u00e1n desde el lunes 28 de agosto, donde se desplegar\u00e1n agentes de la corporaci\u00f3n en intersecciones cruciales y v\u00edas de mayor circulaci\u00f3n en la ciudad, adem\u00e1s de las calles cercanas a los planteles educativos. El enfoque estar\u00e1 en agilizar el flujo vehicular y brindar prioridad a los peatones, asegurando as\u00ed un tr\u00e1nsito seguro para todos.<\/p>\n\n\n\n<p>Por su parte, H\u00e9ctor Mart\u00ednez, director de Seguridad P\u00fablica, tambi\u00e9n destac\u00f3 la participaci\u00f3n de su dependencia en este operativo; unidades policiales y agentes se posicionar\u00e1n en puntos estrat\u00e9gicos, durante la hora de entrada y salida de las instituciones educativas. Bajo el lema de \u00abProximidad Social\u00bb, se busca no solo atender cualquier eventualidad que pueda surgir, sino tambi\u00e9n fortalecer la conexi\u00f3n entre la comunidad estudiantil y las fuerzas de seguridad locales.<\/p>\n\n\n\n<p>Con estas acciones coordinadas, las autoridades de Lerdo buscan fomentar un ambiente seguro y ordenado en el entorno escolar durante el regreso a clases. Se hace un llamado a la colaboraci\u00f3n de los padres, conductores y peatones para que acaten las indicaciones de las autoridades y contribuyan a un inicio de ciclo escolar sin incidentes.<\/p>\n","protected":false},"excerpt":{"rendered":"<p>26 de agosto de 2023.Con el pr\u00f3ximo inicio del ciclo escolar en todos los niveles de educaci\u00f3n, las autoridades de Lerdo han anunciado el lanzamiento del operativo \u00abRegreso a Clase\u00bb, dirigido por las direcciones de Seguridad P\u00fablica, Vialidad y Educaci\u00f3n, con el \u00fanico objetivo de garantizar la seguridad de los estudiantes y conductores, haciendo un&#8230;<\/p>\n","protected":false},"author":1,"featured_media":926,"comment_status":"open","ping_status":"open","sticky":false,"template":"","format":"standard","meta":{"footnotes":""},"categories":[3],"tags":[],"class_list":["post-925","post","type-post","status-publish","format-standard","has-post-thumbnail","hentry","category-lerdo"],"_links":{"self":[{"href":"https:\/\/lagumex.mx\/index\/wp-json\/wp\/v2\/posts\/925","targetHints":{"allow":["GET"]}}],"collection":[{"href":"https:\/\/lagumex.mx\/index\/wp-json\/wp\/v2\/posts"}],"about":[{"href":"https:\/\/lagumex.mx\/index\/wp-json\/wp\/v2\/types\/post"}],"author":[{"embeddable":true,"href":"https:\/\/lagumex.mx\/index\/wp-json\/wp\/v2\/users\/1"}],"replies":[{"embeddable":true,"href":"https:\/\/lagumex.mx\/index\/wp-json\/wp\/v2\/comments?post=925"}],"version-history":[{"count":1,"href":"https:\/\/lagumex.mx\/index\/wp-json\/wp\/v2\/posts\/925\/revisions"}],"predecessor-version":[{"id":927,"href":"https:\/\/lagumex.mx\/index\/wp-json\/wp\/v2\/posts\/925\/revisions\/927"}],"wp:featuredmedia":[{"embeddable":true,"href":"https:\/\/lagumex.mx\/index\/wp-json\/wp\/v2\/media\/926"}],"wp:attachment":[{"href":"https:\/\/lagumex.mx\/index\/wp-json\/wp\/v2\/media?parent=925"}],"wp:term":[{"taxonomy":"category","embeddable":true,"href":"https:\/\/lagumex.mx\/index\/wp-json\/wp\/v2\/categories?post=925"},{"taxonomy":"post_tag","embeddable":true,"href":"https:\/\/lagumex.mx\/index\/wp-json\/wp\/v2\/tags?post=925"}],"curies":[{"name":"wp","href":"https:\/\/api.w.org\/{rel}","templated":true}]}}