{"id":918,"date":"2023-08-23T07:29:00","date_gmt":"2023-08-23T07:29:00","guid":{"rendered":"http:\/\/lagumex.mx\/index\/?p=918"},"modified":"2023-08-28T19:30:27","modified_gmt":"2023-08-28T19:30:27","slug":"plantan-15-mil-arboles-en-lerdo","status":"publish","type":"post","link":"https:\/\/lagumex.mx\/index\/lerdo\/plantan-15-mil-arboles-en-lerdo\/","title":{"rendered":"Plantan 15 mil \u00e1rboles en lerdo"},"content":{"rendered":"\n<h2 class=\"wp-block-heading\">Municipio dona m\u00e1s de 6 mil \u00e1rboles<\/h2>\n\n\n\n<p>23 de agosto de 2023.Durante el primer a\u00f1o de Gobierno, la instrucci\u00f3n del Presidente Municipal Homero Mart\u00ednez Cabrera fue reforestar las \u00e1reas verdes en el territorio lerdense, abarcando parques, plazas y plazuelas, contribuyendo a la sostenibilidad, en compromiso con la gente del municipio y las futuras generaciones.<\/p>\n\n\n\n<p>Lerdo contin\u00faa siendo el pulm\u00f3n de La Laguna, por lo que el Vivero Forestal \u201cParque Las Auras\u201d, el parque Victoria, la plaza de Armas, y el parque estatal Raymundo, han sido los principales beneficiados en este primer a\u00f1o de administraci\u00f3n p\u00fablica.<\/p>\n\n\n\n<p>Adem\u00e1s del retiro de \u00e1rboles secos y la reforestaci\u00f3n, con una inversi\u00f3n de 3 millones de pesos, en el parque Vivero Las Auras se rehabilitaron 200 luminarias, as\u00ed mismo se efectu\u00f3 la instalaci\u00f3n el\u00e9ctrica del sistema de riego, colocaci\u00f3n de bebederos, 100 bancas y contenedores de basura, pintura de ba\u00f1os y herrer\u00eda, limpieza general y la construcci\u00f3n de un m\u00f3dulo de ba\u00f1os.<\/p>\n\n\n\n<p>En cuanto al parque Victoria, sufri\u00f3 una remodelaci\u00f3n integral, con una limpieza exhaustiva, plantaci\u00f3n de nuevas especies, remozamiento del domo, mantenimiento y pintura en las \u00e1reas de juegos, fuentes p\u00fablicas y cancha principal. Caso similar en la plaza principal, con el retiro de ramas, poda, reforestaci\u00f3n, reparaci\u00f3n de herrer\u00eda, mantenimiento de luminarias y pintura de bancas.<\/p>\n\n\n\n<p>Respecto al parque estatal Raymundo, adem\u00e1s del cuidado de plantas y plantuelas, reforestaci\u00f3n, y donaci\u00f3n de m\u00e1s de 6 mil \u00e1rboles, se vio beneficiado con el emparejamiento de caminos, recolecci\u00f3n de basura, poda, deshierbe, rehabilitaci\u00f3n de chapoteaderos, mantenimiento general, y pintura de la fachada principal. Con estas acciones se le da continuidad a la rehabilitaci\u00f3n que se realiz\u00f3 en la administraci\u00f3n pasada.<\/p>\n\n\n\n<p>Aunado a lo anterior, el director de Ecolog\u00eda y Medio Ambiente, Ricardo D\u00edaz, comparti\u00f3 que la donaci\u00f3n de especies y reforestaci\u00f3n contin\u00faa, atendiendo este mes las \u00e1reas verdes de Villa de Juan e Garc\u00eda y colonias como San Carlos, San Isidro, Carmen Carre\u00f3n, Roberto Fierro. Mientras que, a la par, las cuadrillas de Poda atienden las solicitudes presentadas por medio del sistema APD.<\/p>\n","protected":false},"excerpt":{"rendered":"<p>Municipio dona m\u00e1s de 6 mil \u00e1rboles 23 de agosto de 2023.Durante el primer a\u00f1o de Gobierno, la instrucci\u00f3n del Presidente Municipal Homero Mart\u00ednez Cabrera fue reforestar las \u00e1reas verdes en el territorio lerdense, abarcando parques, plazas y plazuelas, contribuyendo a la sostenibilidad, en compromiso con la gente del municipio y las futuras generaciones. Lerdo&#8230;<\/p>\n","protected":false},"author":1,"featured_media":0,"comment_status":"open","ping_status":"open","sticky":false,"template":"","format":"standard","meta":{"footnotes":""},"categories":[3],"tags":[],"class_list":["post-918","post","type-post","status-publish","format-standard","hentry","category-lerdo"],"_links":{"self":[{"href":"https:\/\/lagumex.mx\/index\/wp-json\/wp\/v2\/posts\/918","targetHints":{"allow":["GET"]}}],"collection":[{"href":"https:\/\/lagumex.mx\/index\/wp-json\/wp\/v2\/posts"}],"about":[{"href":"https:\/\/lagumex.mx\/index\/wp-json\/wp\/v2\/types\/post"}],"author":[{"embeddable":true,"href":"https:\/\/lagumex.mx\/index\/wp-json\/wp\/v2\/users\/1"}],"replies":[{"embeddable":true,"href":"https:\/\/lagumex.mx\/index\/wp-json\/wp\/v2\/comments?post=918"}],"version-history":[{"count":1,"href":"https:\/\/lagumex.mx\/index\/wp-json\/wp\/v2\/posts\/918\/revisions"}],"predecessor-version":[{"id":919,"href":"https:\/\/lagumex.mx\/index\/wp-json\/wp\/v2\/posts\/918\/revisions\/919"}],"wp:attachment":[{"href":"https:\/\/lagumex.mx\/index\/wp-json\/wp\/v2\/media?parent=918"}],"wp:term":[{"taxonomy":"category","embeddable":true,"href":"https:\/\/lagumex.mx\/index\/wp-json\/wp\/v2\/categories?post=918"},{"taxonomy":"post_tag","embeddable":true,"href":"https:\/\/lagumex.mx\/index\/wp-json\/wp\/v2\/tags?post=918"}],"curies":[{"name":"wp","href":"https:\/\/api.w.org\/{rel}","templated":true}]}}