{"id":914,"date":"2023-08-21T07:27:00","date_gmt":"2023-08-21T07:27:00","guid":{"rendered":"http:\/\/lagumex.mx\/index\/?p=914"},"modified":"2023-08-28T19:28:18","modified_gmt":"2023-08-28T19:28:18","slug":"bajo-notablemente-el-numero-de-visitantes-en-el-canon-de-fernandez","status":"publish","type":"post","link":"https:\/\/lagumex.mx\/index\/lerdo\/bajo-notablemente-el-numero-de-visitantes-en-el-canon-de-fernandez\/","title":{"rendered":"Baj\u00f3 notablemente el n\u00famero de visitantes en el Ca\u00f1\u00f3n de Fern\u00e1ndez"},"content":{"rendered":"\n<h2 class=\"wp-block-heading\">Se detectaron y regresaron quince cuatrimotos que intentaron violar los reglamentos<\/h2>\n\n\n\n<p>21 de agosto de 2023.Luego de mencionar que se tuvo un registro de unos setecientos visitantes al Ca\u00f1\u00f3n de Fern\u00e1ndez, el titular de la Direcci\u00f3n de Medio Ambiente en Lerdo, Ricardo D\u00edaz Segovia inform\u00f3 que se detectaron y evitaron el ingreso de quince cuatrimotos a este paraje natural protegido durante este reci\u00e9n fin de semana.<\/p>\n\n\n\n<p>Lo anterior lo declar\u00f3 tras ser cuestionado sobre el particular, por lo que a\u00f1adi\u00f3 que la baja de visitantes se puede estimar por el hecho de que los colegios particulares ya entraron a clases, de ah\u00ed que de dos mil ahora acudieron unas 700 personas.<\/p>\n\n\n\n<p>En ese sentido, el funcionario coment\u00f3 que afortunadamente no hubo accidentes, sino s\u00f3lo se volvi\u00f3 a presentar los tiraderos de basura por muchos sitios de los m\u00e1rgenes del R\u00edo Nazas.<\/p>\n\n\n\n<p>Por tal motivo, el funcionario hizo un llamado para los visitantes, a fin de que cuando acudan al Ca\u00f1\u00f3n de Fern\u00e1ndez lleven sus bolsas para recoger la basura que generan en su estancia de los d\u00edas de campo.<\/p>\n\n\n\n<p>Adem\u00e1s, D\u00edaz Segovia recomend\u00f3 apagar las fogatas que se utilizan en las estancias, toda vez que pueden ocasionar incendios que afecten a la flora y fauna de esta zona natural protegida.<\/p>\n\n\n\n<p>Finalmente, inform\u00f3 que en este reci\u00e9n fin de semana no se tuvo problema con los autos tipo racer, sino s\u00f3lo se detectaron quince cuatrimotos que no se les permiti\u00f3 la entrada para no da\u00f1ar la flora y fauna de este parque estatal protegido.<\/p>\n","protected":false},"excerpt":{"rendered":"<p>Se detectaron y regresaron quince cuatrimotos que intentaron violar los reglamentos 21 de agosto de 2023.Luego de mencionar que se tuvo un registro de unos setecientos visitantes al Ca\u00f1\u00f3n de Fern\u00e1ndez, el titular de la Direcci\u00f3n de Medio Ambiente en Lerdo, Ricardo D\u00edaz Segovia inform\u00f3 que se detectaron y evitaron el ingreso de quince cuatrimotos&#8230;<\/p>\n","protected":false},"author":1,"featured_media":0,"comment_status":"open","ping_status":"open","sticky":false,"template":"","format":"standard","meta":{"footnotes":""},"categories":[3],"tags":[],"class_list":["post-914","post","type-post","status-publish","format-standard","hentry","category-lerdo"],"_links":{"self":[{"href":"https:\/\/lagumex.mx\/index\/wp-json\/wp\/v2\/posts\/914","targetHints":{"allow":["GET"]}}],"collection":[{"href":"https:\/\/lagumex.mx\/index\/wp-json\/wp\/v2\/posts"}],"about":[{"href":"https:\/\/lagumex.mx\/index\/wp-json\/wp\/v2\/types\/post"}],"author":[{"embeddable":true,"href":"https:\/\/lagumex.mx\/index\/wp-json\/wp\/v2\/users\/1"}],"replies":[{"embeddable":true,"href":"https:\/\/lagumex.mx\/index\/wp-json\/wp\/v2\/comments?post=914"}],"version-history":[{"count":1,"href":"https:\/\/lagumex.mx\/index\/wp-json\/wp\/v2\/posts\/914\/revisions"}],"predecessor-version":[{"id":915,"href":"https:\/\/lagumex.mx\/index\/wp-json\/wp\/v2\/posts\/914\/revisions\/915"}],"wp:attachment":[{"href":"https:\/\/lagumex.mx\/index\/wp-json\/wp\/v2\/media?parent=914"}],"wp:term":[{"taxonomy":"category","embeddable":true,"href":"https:\/\/lagumex.mx\/index\/wp-json\/wp\/v2\/categories?post=914"},{"taxonomy":"post_tag","embeddable":true,"href":"https:\/\/lagumex.mx\/index\/wp-json\/wp\/v2\/tags?post=914"}],"curies":[{"name":"wp","href":"https:\/\/api.w.org\/{rel}","templated":true}]}}