{"id":912,"date":"2023-08-20T07:25:00","date_gmt":"2023-08-20T07:25:00","guid":{"rendered":"http:\/\/lagumex.mx\/index\/?p=912"},"modified":"2023-08-28T19:27:04","modified_gmt":"2023-08-28T19:27:04","slug":"arranca-tercera-edicion-del-programa-una-mirada-por-lerdo","status":"publish","type":"post","link":"https:\/\/lagumex.mx\/index\/lerdo\/arranca-tercera-edicion-del-programa-una-mirada-por-lerdo\/","title":{"rendered":"Arranca tercera edici\u00f3n del programa \u2018Una mirada por Lerdo\u2019"},"content":{"rendered":"\n<h2 class=\"wp-block-heading\">Se beneficiar\u00e1n a 200 ciudadanos con apoyo de lentes<\/h2>\n\n\n\n<p>20 de agosto de 2023. Arranc\u00f3 la tercera edici\u00f3n del programa \u2018Una mirada por Lerdo. \/ Foto: Sofy Ram\u00edrez | El Sol de La Laguna<\/p>\n\n\n\n<p>Por instrucciones del Presidente Municipal Homero Mart\u00ednez Cabrera, este lunes la Direcci\u00f3n de Atenci\u00f3n Ciudadana dio inicio a la tercera edici\u00f3n del programa \u00abUna Mirada por Lerdo\u00bb, para realizar alrededor de 200 ex\u00e1menes visuales, con el prop\u00f3sito de entregar lentes a los beneficiarios, en un plazo de 15 d\u00edas.<\/p>\n\n\n\n<p>La representaci\u00f3n del Alcalde Homero Mart\u00ednez, estuvo a cargo del secretario t\u00e9cnico Ram\u00f3n Acosta, quien felicit\u00f3 a la titular de la direcci\u00f3n de Atenci\u00f3n Ciudadana por el trabajo y resalt\u00f3 que la principal preocupaci\u00f3n de la primera autoridad en el Municipio es, atender las necesidades de la ciudadan\u00eda a trav\u00e9s de distintos programas y en coordinaci\u00f3n con asociaciones civiles.<\/p>\n\n\n\n<p>Reconoci\u00f3 a los ciudadanos que se dieron cita, pues este estudio de la vista que hoy reciben, permitir\u00e1 que en pr\u00f3ximos d\u00edas sean acreedores a lentes de graduaci\u00f3n. El servidor p\u00fablico record\u00f3 que, adem\u00e1s de las pasadas entregas de lentes, se han brindado m\u00e1s de 300 aparatos funcionales y auditivos en beneficio de las familias de Lerdo.<\/p>\n\n\n\n<p>Durante el arranque, la directora de Atenci\u00f3n Ciudadana, Carmen Delgadillo, expres\u00f3 su agradecimiento al Alcalde Homero Mart\u00ednez por dar continuidad a esta iniciativa, que tiene como objetivo ayudar a aquellos ciudadanos que verdaderamente requieren asistencia visual para mejorar su calidad de vida, en coordinaci\u00f3n con la asociaci\u00f3n civil Una Mirada x M\u00e9xico, bajo la representaci\u00f3n del doctor Jos\u00e9 Luis Barajas.<\/p>\n\n\n\n<p>Del mismo modo, se mostr\u00f3 agradecida con la colaboraci\u00f3n de los institutos municipales de Discapacidad y Adulto Mayor, as\u00ed como y el DIF Municipal, por su participaci\u00f3n.<\/p>\n","protected":false},"excerpt":{"rendered":"<p>Se beneficiar\u00e1n a 200 ciudadanos con apoyo de lentes 20 de agosto de 2023. Arranc\u00f3 la tercera edici\u00f3n del programa \u2018Una mirada por Lerdo. \/ Foto: Sofy Ram\u00edrez | El Sol de La Laguna Por instrucciones del Presidente Municipal Homero Mart\u00ednez Cabrera, este lunes la Direcci\u00f3n de Atenci\u00f3n Ciudadana dio inicio a la tercera edici\u00f3n&#8230;<\/p>\n","protected":false},"author":1,"featured_media":0,"comment_status":"open","ping_status":"open","sticky":false,"template":"","format":"standard","meta":{"footnotes":""},"categories":[3],"tags":[],"class_list":["post-912","post","type-post","status-publish","format-standard","hentry","category-lerdo"],"_links":{"self":[{"href":"https:\/\/lagumex.mx\/index\/wp-json\/wp\/v2\/posts\/912","targetHints":{"allow":["GET"]}}],"collection":[{"href":"https:\/\/lagumex.mx\/index\/wp-json\/wp\/v2\/posts"}],"about":[{"href":"https:\/\/lagumex.mx\/index\/wp-json\/wp\/v2\/types\/post"}],"author":[{"embeddable":true,"href":"https:\/\/lagumex.mx\/index\/wp-json\/wp\/v2\/users\/1"}],"replies":[{"embeddable":true,"href":"https:\/\/lagumex.mx\/index\/wp-json\/wp\/v2\/comments?post=912"}],"version-history":[{"count":1,"href":"https:\/\/lagumex.mx\/index\/wp-json\/wp\/v2\/posts\/912\/revisions"}],"predecessor-version":[{"id":913,"href":"https:\/\/lagumex.mx\/index\/wp-json\/wp\/v2\/posts\/912\/revisions\/913"}],"wp:attachment":[{"href":"https:\/\/lagumex.mx\/index\/wp-json\/wp\/v2\/media?parent=912"}],"wp:term":[{"taxonomy":"category","embeddable":true,"href":"https:\/\/lagumex.mx\/index\/wp-json\/wp\/v2\/categories?post=912"},{"taxonomy":"post_tag","embeddable":true,"href":"https:\/\/lagumex.mx\/index\/wp-json\/wp\/v2\/tags?post=912"}],"curies":[{"name":"wp","href":"https:\/\/api.w.org\/{rel}","templated":true}]}}