{"id":908,"date":"2023-08-18T07:23:00","date_gmt":"2023-08-18T07:23:00","guid":{"rendered":"http:\/\/lagumex.mx\/index\/?p=908"},"modified":"2023-08-28T19:24:52","modified_gmt":"2023-08-28T19:24:52","slug":"instituto-municipal-de-la-mujer-despliega-acciones-de-empoderamiento","status":"publish","type":"post","link":"https:\/\/lagumex.mx\/index\/lerdo\/instituto-municipal-de-la-mujer-despliega-acciones-de-empoderamiento\/","title":{"rendered":"Instituto Municipal de la Mujer despliega acciones de empoderamiento"},"content":{"rendered":"\n<p>Con frecuencia se imparten capacitaciones para mujeres del medio rural y urbano<\/p>\n\n\n\n<p>18 de agosto de 2023. La directora del Instituto Municipal de la Mujer, Mar\u00eda del Refugio Adame G\u00fcereca, se\u00f1al\u00f3 que en Lerdo diariamente se despliegan acciones de empoderamiento para ni\u00f1as, j\u00f3venes, y mujeres, a fin de mejorar su entorno y calidad de vida.<\/p>\n\n\n\n<p>En el marco del aniversario luctuoso de Hermila Galinda, la funcionaria destac\u00f3 que, tanto en la zona rural como en el \u00e1rea urbana, se imparten talleres, capacitaciones y pl\u00e1ticas para brindar a las lerdenses las herramientas adecuadas para desarrollar sus habilidades y adquirir una mayor autonom\u00eda.<\/p>\n\n\n\n<p>Asimismo, se\u00f1al\u00f3 que, gracias a la instrucci\u00f3n del Presidente Municipal Homero Mart\u00ednez Cabrera, y el trabajo coordinado con la Mesa de Seguridad, Guardia Nacional, SEDENA, el Mando Especial de la Laguna, y fundaciones, se mantienen las acciones para reforzar las pol\u00edticas p\u00fablicas para la erradicaci\u00f3n de la violencia de g\u00e9nero.<\/p>\n\n\n\n<p>Por lo que a trav\u00e9s de charlas, el m\u00f3dulo de atenci\u00f3n y la reactivaci\u00f3n de los Comit\u00e9s de Vigilancia del programa \u201cPor ti, por m\u00ed \u00a1por todas!\u201d, se advierte a la ciudadan\u00eda sobre las se\u00f1ales de alerta por medio del violent\u00f3metro, se les brinda atenci\u00f3n psicol\u00f3gica, jur\u00eddica y de trabajo social, y se crean lazos para fortalecer la red de apoyo a mujeres v\u00edctimas de violencia.<\/p>\n\n\n\n<p>A pregunta expresa, la funcionaria dijo que durante cuatro a\u00f1os, tres de la pasada administraci\u00f3n municipal y uno del presente ayuntamiento, a cargo del alcalde Homero Mart\u00ednez se han podido aplicar acciones y programas permanentes para erradicar la violencia.<\/p>\n","protected":false},"excerpt":{"rendered":"<p>Con frecuencia se imparten capacitaciones para mujeres del medio rural y urbano 18 de agosto de 2023. La directora del Instituto Municipal de la Mujer, Mar\u00eda del Refugio Adame G\u00fcereca, se\u00f1al\u00f3 que en Lerdo diariamente se despliegan acciones de empoderamiento para ni\u00f1as, j\u00f3venes, y mujeres, a fin de mejorar su entorno y calidad de vida&#8230;.<\/p>\n","protected":false},"author":1,"featured_media":0,"comment_status":"open","ping_status":"open","sticky":false,"template":"","format":"standard","meta":{"footnotes":""},"categories":[3],"tags":[],"class_list":["post-908","post","type-post","status-publish","format-standard","hentry","category-lerdo"],"_links":{"self":[{"href":"https:\/\/lagumex.mx\/index\/wp-json\/wp\/v2\/posts\/908","targetHints":{"allow":["GET"]}}],"collection":[{"href":"https:\/\/lagumex.mx\/index\/wp-json\/wp\/v2\/posts"}],"about":[{"href":"https:\/\/lagumex.mx\/index\/wp-json\/wp\/v2\/types\/post"}],"author":[{"embeddable":true,"href":"https:\/\/lagumex.mx\/index\/wp-json\/wp\/v2\/users\/1"}],"replies":[{"embeddable":true,"href":"https:\/\/lagumex.mx\/index\/wp-json\/wp\/v2\/comments?post=908"}],"version-history":[{"count":1,"href":"https:\/\/lagumex.mx\/index\/wp-json\/wp\/v2\/posts\/908\/revisions"}],"predecessor-version":[{"id":909,"href":"https:\/\/lagumex.mx\/index\/wp-json\/wp\/v2\/posts\/908\/revisions\/909"}],"wp:attachment":[{"href":"https:\/\/lagumex.mx\/index\/wp-json\/wp\/v2\/media?parent=908"}],"wp:term":[{"taxonomy":"category","embeddable":true,"href":"https:\/\/lagumex.mx\/index\/wp-json\/wp\/v2\/categories?post=908"},{"taxonomy":"post_tag","embeddable":true,"href":"https:\/\/lagumex.mx\/index\/wp-json\/wp\/v2\/tags?post=908"}],"curies":[{"name":"wp","href":"https:\/\/api.w.org\/{rel}","templated":true}]}}