{"id":903,"date":"2023-08-28T07:18:00","date_gmt":"2023-08-28T07:18:00","guid":{"rendered":"http:\/\/lagumex.mx\/index\/?p=903"},"modified":"2023-08-28T19:21:18","modified_gmt":"2023-08-28T19:21:18","slug":"gobernador-y-alcalde-inauguran-el-pozo-de-agua-la-fe","status":"publish","type":"post","link":"https:\/\/lagumex.mx\/index\/uncategorized\/torreon\/gobernador-y-alcalde-inauguran-el-pozo-de-agua-la-fe\/","title":{"rendered":"Gobernador y alcalde inauguran el pozo de agua La Fe"},"content":{"rendered":"\n<h2 class=\"wp-block-heading\">Obra en beneficio de 30 mil habitantes del poniente de la ciudadTorre\u00f3n, Coahuila.- Con una inversi\u00f3n de 14 millones de pesos, el alcalde de Torre\u00f3n, Rom\u00e1n Alberto Cepeda Gonz\u00e1lez, y el gobernador de Coahuila, Miguel \u00c1ngel Riquelme Sol\u00eds, inauguraron el pozo de agua La Fe, que beneficiar\u00e1 a 30 mil habitantes del poniente de la ciudad.<\/h2>\n\n\n\n<p>28 de agosto de 2023.El presidente municipal dijo que se trata del quinto pozo de un total de nueve contemplados para este a\u00f1o.<\/p>\n\n\n\n<p>En 2023 se han entregado los pozos: Plaza Madero, Vi\u00f1edos 1, Vi\u00f1edos 2, La Hacienda y La Fe.<\/p>\n\n\n\n<p>\u201cEl agua dentro de los servicios p\u00fablicos es el n\u00famero uno, por eso seguiremos trabajando; el acompa\u00f1amiento que hemos tenido en 19 meses por parte del gobernador Miguel \u00c1ngel Riquelme Sol\u00eds ha sido fundamental\u201d expres\u00f3.<\/p>\n\n\n\n<p>En su mensaje, el edil dijo que en materia de agua potable se ha hecho una inversi\u00f3n sin precedentes en Torre\u00f3n, en coordinaci\u00f3n con el gobernador del Estado.<\/p>\n\n\n\n<p>\u201cNo vamos a detener el paso, vamos a seguir trabajando para construir el Torre\u00f3n que todos queremos: con agua, seguridad, educaci\u00f3n y cultura\u201d, coment\u00f3.<\/p>\n\n\n\n<p>Rom\u00e1n Alberto Cepeda Gonz\u00e1lez asegur\u00f3 que se perforar\u00e1n otras cuatro fuentes de abastecimiento en diferentes puntos de la ciudad.<\/p>\n\n\n\n<p>Los nuevos pozos estar\u00e1n en Los Profesionistas, La Dalia, Campo Militar y Aviaci\u00f3n.<\/p>\n\n\n\n<p>\u201cHay mucha tarea pero la haremos como siempre, con orden y responsabilidad\u201d.<\/p>\n\n\n\n<p>Por su parte, Miguel \u00c1ngel Riquelme Sol\u00eds, gobernador de Coahuila, dijo que obras como la del nuevo pozo La Fe, son prioritarias para todos.<\/p>\n\n\n\n<p>\u201cRom\u00e1n est\u00e1 resolviendo un problema grav\u00edsimo que le toc\u00f3 enfrentar en su Administraci\u00f3n\u201d, expres\u00f3 el mandatario estatal.<\/p>\n\n\n\n<p>En su mensaje destac\u00f3 el trabajo conjunto entre la Administraci\u00f3n Municipal y el Gobierno del Estado.<\/p>\n\n\n\n<p>Eduardo Terrazas Ramos, encargado del despacho del Sistema Municipal de Aguas y Saneamiento de Torre\u00f3n (SIMAS), explic\u00f3 que la inversi\u00f3n para el pozo La Fe fue de 14 millones de pesos con un aforo de 50 litros por segundo, en beneficio de 30 mil habitantes del sector.<\/p>\n\n\n\n<p>Las colonias beneficiadas son: La Durangue\u00f1a, Caleras Solares, Compresora, Primero de Mayo, Torre\u00f3n y Anexas, Constancia, Guadalupe, San Joaqu\u00edn y la Primera y Segunda Rinconada de La Uni\u00f3n, entre otras.<\/p>\n","protected":false},"excerpt":{"rendered":"<p>Obra en beneficio de 30 mil habitantes del poniente de la ciudadTorre\u00f3n, Coahuila.- Con una inversi\u00f3n de 14 millones de pesos, el alcalde de Torre\u00f3n, Rom\u00e1n Alberto Cepeda Gonz\u00e1lez, y el gobernador de Coahuila, Miguel \u00c1ngel Riquelme Sol\u00eds, inauguraron el pozo de agua La Fe, que beneficiar\u00e1 a 30 mil habitantes del poniente de la&#8230;<\/p>\n","protected":false},"author":1,"featured_media":904,"comment_status":"open","ping_status":"open","sticky":false,"template":"","format":"standard","meta":{"footnotes":""},"categories":[10],"tags":[],"class_list":["post-903","post","type-post","status-publish","format-standard","has-post-thumbnail","hentry","category-torreon"],"_links":{"self":[{"href":"https:\/\/lagumex.mx\/index\/wp-json\/wp\/v2\/posts\/903","targetHints":{"allow":["GET"]}}],"collection":[{"href":"https:\/\/lagumex.mx\/index\/wp-json\/wp\/v2\/posts"}],"about":[{"href":"https:\/\/lagumex.mx\/index\/wp-json\/wp\/v2\/types\/post"}],"author":[{"embeddable":true,"href":"https:\/\/lagumex.mx\/index\/wp-json\/wp\/v2\/users\/1"}],"replies":[{"embeddable":true,"href":"https:\/\/lagumex.mx\/index\/wp-json\/wp\/v2\/comments?post=903"}],"version-history":[{"count":1,"href":"https:\/\/lagumex.mx\/index\/wp-json\/wp\/v2\/posts\/903\/revisions"}],"predecessor-version":[{"id":905,"href":"https:\/\/lagumex.mx\/index\/wp-json\/wp\/v2\/posts\/903\/revisions\/905"}],"wp:featuredmedia":[{"embeddable":true,"href":"https:\/\/lagumex.mx\/index\/wp-json\/wp\/v2\/media\/904"}],"wp:attachment":[{"href":"https:\/\/lagumex.mx\/index\/wp-json\/wp\/v2\/media?parent=903"}],"wp:term":[{"taxonomy":"category","embeddable":true,"href":"https:\/\/lagumex.mx\/index\/wp-json\/wp\/v2\/categories?post=903"},{"taxonomy":"post_tag","embeddable":true,"href":"https:\/\/lagumex.mx\/index\/wp-json\/wp\/v2\/tags?post=903"}],"curies":[{"name":"wp","href":"https:\/\/api.w.org\/{rel}","templated":true}]}}