{"id":900,"date":"2023-08-27T19:16:56","date_gmt":"2023-08-27T19:16:56","guid":{"rendered":"http:\/\/lagumex.mx\/index\/?p=900"},"modified":"2023-08-28T19:18:28","modified_gmt":"2023-08-28T19:18:28","slug":"cumplimos-el-sueno-que-miles-de-duranguense-tengan-mejores-servicios-de-salud-esteban","status":"publish","type":"post","link":"https:\/\/lagumex.mx\/index\/durango\/cumplimos-el-sueno-que-miles-de-duranguense-tengan-mejores-servicios-de-salud-esteban\/","title":{"rendered":"Cumplimos el sue\u00f1o que miles de duranguense tengan mejores servicios de salud: Esteban"},"content":{"rendered":"\n<h2 class=\"wp-block-heading\">\u00abPorque en Durango so\u00f1amos en grande y cumplimos en grande, ahora los servicios de salud y la atenci\u00f3n m\u00e9dica de calidad, es una realidad en cada comunidad del estado, por m\u00e1s alejada que se encuentre\u00bb, asegur\u00f3 el gobernador Esteban Villegas Villarreal al rescatar y equipar hospitales, contratar m\u00e1s personal y mejorar el sueldo de enfermeras, as\u00ed como poner en marcha la \u00abRuta de la Salud\u00bb y posicionar a la entidad a nivel nacional en la donaci\u00f3n de \u00f3rganos.<\/h2>\n\n\n\n<p>27 de agosto de 2023. \u00abLa salud de nuestra gente no puede esperar\u00bb, dijo el Mandatario Estatal al hacer un recuento de los logros obtenidos a un a\u00f1o de trabajo en este rubro, entre los que destacan la mejora de espacios, la contrataci\u00f3n de personal m\u00e9dico y la dotaci\u00f3n de equipamiento en las cuatro jurisdicciones sanitarias del estado.<\/p>\n\n\n\n<p>En los primeros meses de su gobierno, el Mandatario Estatal, fortaleci\u00f3 el Sistema de Salud con la entrega de veh\u00edculos para que puedan llevar insumos a diferentes lugares, equipos de c\u00f3mputo para renovar por completo los sistemas, uniformes para el personal m\u00e9dico y administrativo, y la contrataci\u00f3n hist\u00f3rica de 771 nuevos m\u00e9dicos.<\/p>\n","protected":false},"excerpt":{"rendered":"<p>\u00abPorque en Durango so\u00f1amos en grande y cumplimos en grande, ahora los servicios de salud y la atenci\u00f3n m\u00e9dica de calidad, es una realidad en cada comunidad del estado, por m\u00e1s alejada que se encuentre\u00bb, asegur\u00f3 el gobernador Esteban Villegas Villarreal al rescatar y equipar hospitales, contratar m\u00e1s personal y mejorar el sueldo de enfermeras,&#8230;<\/p>\n","protected":false},"author":1,"featured_media":901,"comment_status":"open","ping_status":"open","sticky":false,"template":"","format":"standard","meta":{"footnotes":""},"categories":[1],"tags":[],"class_list":["post-900","post","type-post","status-publish","format-standard","has-post-thumbnail","hentry","category-durango"],"_links":{"self":[{"href":"https:\/\/lagumex.mx\/index\/wp-json\/wp\/v2\/posts\/900","targetHints":{"allow":["GET"]}}],"collection":[{"href":"https:\/\/lagumex.mx\/index\/wp-json\/wp\/v2\/posts"}],"about":[{"href":"https:\/\/lagumex.mx\/index\/wp-json\/wp\/v2\/types\/post"}],"author":[{"embeddable":true,"href":"https:\/\/lagumex.mx\/index\/wp-json\/wp\/v2\/users\/1"}],"replies":[{"embeddable":true,"href":"https:\/\/lagumex.mx\/index\/wp-json\/wp\/v2\/comments?post=900"}],"version-history":[{"count":1,"href":"https:\/\/lagumex.mx\/index\/wp-json\/wp\/v2\/posts\/900\/revisions"}],"predecessor-version":[{"id":902,"href":"https:\/\/lagumex.mx\/index\/wp-json\/wp\/v2\/posts\/900\/revisions\/902"}],"wp:featuredmedia":[{"embeddable":true,"href":"https:\/\/lagumex.mx\/index\/wp-json\/wp\/v2\/media\/901"}],"wp:attachment":[{"href":"https:\/\/lagumex.mx\/index\/wp-json\/wp\/v2\/media?parent=900"}],"wp:term":[{"taxonomy":"category","embeddable":true,"href":"https:\/\/lagumex.mx\/index\/wp-json\/wp\/v2\/categories?post=900"},{"taxonomy":"post_tag","embeddable":true,"href":"https:\/\/lagumex.mx\/index\/wp-json\/wp\/v2\/tags?post=900"}],"curies":[{"name":"wp","href":"https:\/\/api.w.org\/{rel}","templated":true}]}}