{"id":897,"date":"2023-08-28T07:10:00","date_gmt":"2023-08-28T07:10:00","guid":{"rendered":"http:\/\/lagumex.mx\/index\/?p=897"},"modified":"2023-08-28T19:16:53","modified_gmt":"2023-08-28T19:16:53","slug":"listos-para-arrancar-las-clases-al-100-gobernador-de-durango-participa-en-mananera-de-amlo","status":"publish","type":"post","link":"https:\/\/lagumex.mx\/index\/durango\/listos-para-arrancar-las-clases-al-100-gobernador-de-durango-participa-en-mananera-de-amlo\/","title":{"rendered":"\u2018Listos para arrancar las clases al 100%\u2019: gobernador de Durango participa en ma\u00f1anera de AMLO"},"content":{"rendered":"\n<h2 class=\"wp-block-heading\">Este lunes de regreso a clases, el gobernador del estado de Durango, Esteban Villegas Villarreal, dio un mensaje en la ma\u00f1anera del presidente Andr\u00e9s Manuel L\u00f3pez Obrador.<\/h2>\n\n\n\n<p>28 de agosto de 2023.A trav\u00e9s de un enlace por videoconferencia, el gobernador expres\u00f3 que el d\u00eda de hoy en Durango regresan a clases cerca de 400 mil alumnos de nivel b\u00e1sico, quienes recibir\u00e1n sus libros de texto gratuitos.<\/p>\n\n\n\n<p>Dijo que, por instrucciones de igualdad y equidad, tambi\u00e9n se estar\u00e1 entregando un total de 400 mil uniformes escolares gratuitos, para los menores que regresan a preescolar, primaria y secundaria, y la misma cantidad de paquetes de \u00fatiles escolares.<\/p>\n\n\n\n<p>Agreg\u00f3 que este ciclo escolar en Durango arrancar\u00e1 con mil aulas digitales, que apoyar\u00e1n en el aprendizaje de los ni\u00f1os.<\/p>\n\n\n\n<p>Finaliz\u00f3 reiterando que la entidad est\u00e1 lista para arrancar las clases al 100 por ciento, y agradeci\u00f3 al Presidente por su apoyo y respaldo en el tema educativo.<\/p>\n","protected":false},"excerpt":{"rendered":"<p>Este lunes de regreso a clases, el gobernador del estado de Durango, Esteban Villegas Villarreal, dio un mensaje en la ma\u00f1anera del presidente Andr\u00e9s Manuel L\u00f3pez Obrador. 28 de agosto de 2023.A trav\u00e9s de un enlace por videoconferencia, el gobernador expres\u00f3 que el d\u00eda de hoy en Durango regresan a clases cerca de 400 mil&#8230;<\/p>\n","protected":false},"author":1,"featured_media":898,"comment_status":"open","ping_status":"open","sticky":false,"template":"","format":"standard","meta":{"footnotes":""},"categories":[1],"tags":[],"class_list":["post-897","post","type-post","status-publish","format-standard","has-post-thumbnail","hentry","category-durango"],"_links":{"self":[{"href":"https:\/\/lagumex.mx\/index\/wp-json\/wp\/v2\/posts\/897","targetHints":{"allow":["GET"]}}],"collection":[{"href":"https:\/\/lagumex.mx\/index\/wp-json\/wp\/v2\/posts"}],"about":[{"href":"https:\/\/lagumex.mx\/index\/wp-json\/wp\/v2\/types\/post"}],"author":[{"embeddable":true,"href":"https:\/\/lagumex.mx\/index\/wp-json\/wp\/v2\/users\/1"}],"replies":[{"embeddable":true,"href":"https:\/\/lagumex.mx\/index\/wp-json\/wp\/v2\/comments?post=897"}],"version-history":[{"count":1,"href":"https:\/\/lagumex.mx\/index\/wp-json\/wp\/v2\/posts\/897\/revisions"}],"predecessor-version":[{"id":899,"href":"https:\/\/lagumex.mx\/index\/wp-json\/wp\/v2\/posts\/897\/revisions\/899"}],"wp:featuredmedia":[{"embeddable":true,"href":"https:\/\/lagumex.mx\/index\/wp-json\/wp\/v2\/media\/898"}],"wp:attachment":[{"href":"https:\/\/lagumex.mx\/index\/wp-json\/wp\/v2\/media?parent=897"}],"wp:term":[{"taxonomy":"category","embeddable":true,"href":"https:\/\/lagumex.mx\/index\/wp-json\/wp\/v2\/categories?post=897"},{"taxonomy":"post_tag","embeddable":true,"href":"https:\/\/lagumex.mx\/index\/wp-json\/wp\/v2\/tags?post=897"}],"curies":[{"name":"wp","href":"https:\/\/api.w.org\/{rel}","templated":true}]}}