{"id":879,"date":"2023-08-18T18:50:42","date_gmt":"2023-08-18T18:50:42","guid":{"rendered":"http:\/\/lagumex.mx\/index\/?p=879"},"modified":"2023-08-28T18:52:15","modified_gmt":"2023-08-28T18:52:15","slug":"acerca-gobierno-de-esteban-servicios-de-salud-a-personas-que-tenian-anos-esperando-una-cita-medica","status":"publish","type":"post","link":"https:\/\/lagumex.mx\/index\/durango\/acerca-gobierno-de-esteban-servicios-de-salud-a-personas-que-tenian-anos-esperando-una-cita-medica\/","title":{"rendered":"Acerca Gobierno de Esteban servicios de salud a personas que ten\u00edan a\u00f1os esperando una cita m\u00e9dica"},"content":{"rendered":"\n<h2 class=\"wp-block-heading\">Ruta de la Salud llega a Coneto de Comonfort con atenci\u00f3n m\u00e9dica gratuita para todas las familias.<\/h2>\n\n\n\n<p>18 de agosto de 2023. \u201cLas unidades m\u00f3viles llegar\u00e1n a Nazas los d\u00edas 21 y 22 de agosto; el 23 y 24 a San Luis del Cordero&nbsp; y el 25 se har\u00e1 presente en San Pedro del Gallo.<\/p>\n\n\n\n<p>A la fecha, la \u201cRuta de la Salud\u201d ha tenido muy buena respuesta con la poblaci\u00f3n, ya que se han detectado personas que ten\u00edan a\u00f1os sin acudir a una consulta o estudios de laboratorio, pero&nbsp; ahora, con el impulso del Gobierno de Esteban Villegas tienen al alcance estos servicios de manera f\u00e1cil y gratuitos, asegur\u00f3 secretar\u00eda de Salud en Estado, Irasema Kondo Padilla al llevar atenci\u00f3n m\u00e9dica similar a un hospital rodante, al municipio de Coneto de Comonfort.<\/p>\n\n\n\n<p>Los conetenses coincidieron que las unidades m\u00f3viles hac\u00edan mucha falta y vienen a beneficiar a toda la poblaci\u00f3n tanto en salud como en su econom\u00eda, ya que no tienen que trasladarse a otros lugares para recibir atenci\u00f3n m\u00e9dica, adem\u00e1s se\u00f1alaron que hay personas que no se atend\u00edan y dejaban pasar enfermedades o consultas importantes, pero hoy,&nbsp; con la Ruta de la Salud es diferente.<\/p>\n\n\n\n<p>Brenda de La Cruz, habitantes de este municipio, acudi\u00f3 a realizarse an\u00e1lisis cl\u00ednicos de hepatitis, consulta dental y rayos x, adem\u00e1s llev\u00f3 a sus hijos a revisi\u00f3n; \u201cest\u00e1 muy bien porque no tenemos mucho dinero como para salir a otros lados, aunque sea para la atenci\u00f3n, fueron muy amables, es una prueba r\u00e1pida y le dan a uno informaci\u00f3n de lo que hay que hacer; muchas gracias al Gobernador, s\u00ed nos hace mucha falta\u201d, destac\u00f3.<\/p>\n\n\n\n<p>En tanto, Leticia Tangle y Delia Medina, acudieron a su prueba de papanicolaou, y mencionaron que en muchas ocasiones, las personas no acuden a atenderse por falta de recursos econ\u00f3micos, \u201cmuy buen gesto del Gobernador que hayan venido, porque as\u00ed uno no tiene que trasladarse a otras partes porque no tenemos dinero y todo esto es gratis\u201d, coincidieron.<\/p>\n\n\n\n<p>Alondra Jaqueline Soria, llev\u00f3 a sus dos hijos y a su sobrina al dentista y a consulta nutricional, donde coment\u00f3 que les brindaron un excelente trato y les informaron qu\u00e9 deben hacer para llevar una mejor alimentaci\u00f3n; \u201cya nos pusieron atenci\u00f3n porque nos ten\u00edan olvidados,&nbsp; estuvimos sin doctor, sin quien nos apoyaran y ahora hasta a domicilio\u201d expres\u00f3 al agradecer este servicio junto a su sobrina, quien se mostr\u00f3 feliz porque comer\u00e1 sanamente.<\/p>\n\n\n\n<p>Adem\u00e1s de preocuparse por el bienestar de las familias en las comunidades m\u00e1s alejadas, estas unidades m\u00f3viles tambi\u00e9n ofrecen servicios m\u00e9dicos para las mascotas del hogar, pues se lleva a cabo una campa\u00f1a de vacunaci\u00f3n para perros y gatos, as\u00ed como un ba\u00f1o medicado para evitar la propagaci\u00f3n de garrapata y la enfermedad de rickettsia, inform\u00f3 el encargado de este m\u00f3dulo, Jes\u00fas Salcido, quien aprovech\u00f3 para invitar a la poblaci\u00f3n a que lleven a sus animales.<\/p>\n\n\n\n<p>Cabe mencionar que los pr\u00f3ximos 21 y 22 de agosto, la Ruta de la Salud llegar\u00e1 al municipio de Nazas en el domo de la comunidad en un horario de 8:00 a 16:00 horas; el 23 y 24 de agosto, los habitantes de San Luis del Cordero podr\u00e1n acceder a los servicios y el 25 de agosto se har\u00e1 presente en San Pedro del Gallo.<\/p>\n","protected":false},"excerpt":{"rendered":"<p>Ruta de la Salud llega a Coneto de Comonfort con atenci\u00f3n m\u00e9dica gratuita para todas las familias. 18 de agosto de 2023. \u201cLas unidades m\u00f3viles llegar\u00e1n a Nazas los d\u00edas 21 y 22 de agosto; el 23 y 24 a San Luis del Cordero&nbsp; y el 25 se har\u00e1 presente en San Pedro del Gallo&#8230;.<\/p>\n","protected":false},"author":1,"featured_media":0,"comment_status":"open","ping_status":"open","sticky":false,"template":"","format":"standard","meta":{"footnotes":""},"categories":[1],"tags":[],"class_list":["post-879","post","type-post","status-publish","format-standard","hentry","category-durango"],"_links":{"self":[{"href":"https:\/\/lagumex.mx\/index\/wp-json\/wp\/v2\/posts\/879","targetHints":{"allow":["GET"]}}],"collection":[{"href":"https:\/\/lagumex.mx\/index\/wp-json\/wp\/v2\/posts"}],"about":[{"href":"https:\/\/lagumex.mx\/index\/wp-json\/wp\/v2\/types\/post"}],"author":[{"embeddable":true,"href":"https:\/\/lagumex.mx\/index\/wp-json\/wp\/v2\/users\/1"}],"replies":[{"embeddable":true,"href":"https:\/\/lagumex.mx\/index\/wp-json\/wp\/v2\/comments?post=879"}],"version-history":[{"count":1,"href":"https:\/\/lagumex.mx\/index\/wp-json\/wp\/v2\/posts\/879\/revisions"}],"predecessor-version":[{"id":880,"href":"https:\/\/lagumex.mx\/index\/wp-json\/wp\/v2\/posts\/879\/revisions\/880"}],"wp:attachment":[{"href":"https:\/\/lagumex.mx\/index\/wp-json\/wp\/v2\/media?parent=879"}],"wp:term":[{"taxonomy":"category","embeddable":true,"href":"https:\/\/lagumex.mx\/index\/wp-json\/wp\/v2\/categories?post=879"},{"taxonomy":"post_tag","embeddable":true,"href":"https:\/\/lagumex.mx\/index\/wp-json\/wp\/v2\/tags?post=879"}],"curies":[{"name":"wp","href":"https:\/\/api.w.org\/{rel}","templated":true}]}}