{"id":873,"date":"2023-07-25T17:25:00","date_gmt":"2023-07-25T17:25:00","guid":{"rendered":"http:\/\/lagumex.mx\/index\/?p=873"},"modified":"2023-08-23T17:25:26","modified_gmt":"2023-08-23T17:25:26","slug":"convoca-el-cedec-uadec-a-tomar-el-curso-taller-habilidades-emocionales-en-el-aula","status":"publish","type":"post","link":"https:\/\/lagumex.mx\/index\/durango\/convoca-el-cedec-uadec-a-tomar-el-curso-taller-habilidades-emocionales-en-el-aula\/","title":{"rendered":"Convoca el CEDEC-UAdeC a Tomar el Curso-Taller \u201cHabilidades Emocionales en el Aula\u201d"},"content":{"rendered":"\n<p>SALTILLO, Coahuila. 25 de julio de 2023. El Centro de Desarrollo Docente, Evaluaci\u00f3n y Educaci\u00f3n Continua (CEDEC) de la Direcci\u00f3n de Asuntos Acad\u00e9micos de la Universidad Aut\u00f3noma de Coahuila, invita a los docentes de las tres Unidades Saltillo, Torre\u00f3n y Norte al Curso-Taller \u201cHabilidades emocionales en el aula\u201d.<\/p>\n\n\n\n<p>La actividad se llevar\u00e1 del 2 al 4 de agosto de 2023 a trav\u00e9s de la plataforma Microsoft Teams y abordar\u00e1 las habilidades emocionales, que son las que nos permiten manejar nuestras emociones de manera racional, es decir, son aquellas capacidades que muestran o trabajan la inteligencia emocional.<\/p>\n\n\n\n<p>Las sesiones se desarrollar\u00e1n de 10:00 a 12:30 horas, con valor curricular de 20 horas y ser\u00e1 impartido por el Mtro. Daniel Mu\u00f1oz Mart\u00ednez y el M.D. Homero Alejandro Moreno Aguirre, quienes se desempe\u00f1an como docentes de la Facultad de Psicolog\u00eda Unidad Saltillo.<\/p>\n\n\n\n<p>Los docentes interesados en participar realizar\u00e1n su registro en el siguiente enlace https:\/\/forms.office.com\/pages\/responsepage.aspx?id=gsNAcvN36kKVdjcJfbNi0EMInVzM17NLjBOmSsUnEtJUNUFYN0NJSDA3VThDS1g4UFY3RlJEMEtHTC4u, en donde deber\u00e1n de especificar a la Unidad a la que pertenecen, Escuela, Facultad, Instituto o Centro de procedencia, n\u00famero de expediente y correo electr\u00f3nico.<\/p>\n\n\n\n<p>Para m\u00e1s informaci\u00f3n llamar a los tel\u00e9fonos (844) 415 29 51 y (844) 415 29 52, escribir al correo electr\u00f3nico capacitaciondocente@uadec.edu.mx o visitar la p\u00e1gina http:\/\/www.uadec.mx\/cedec\/.<\/p>\n","protected":false},"excerpt":{"rendered":"<p>SALTILLO, Coahuila. 25 de julio de 2023. El Centro de Desarrollo Docente, Evaluaci\u00f3n y Educaci\u00f3n Continua (CEDEC) de la Direcci\u00f3n de Asuntos Acad\u00e9micos de la Universidad Aut\u00f3noma de Coahuila, invita a los docentes de las tres Unidades Saltillo, Torre\u00f3n y Norte al Curso-Taller \u201cHabilidades emocionales en el aula\u201d. La actividad se llevar\u00e1 del 2 al&#8230;<\/p>\n","protected":false},"author":1,"featured_media":0,"comment_status":"open","ping_status":"open","sticky":false,"template":"","format":"standard","meta":{"footnotes":""},"categories":[1],"tags":[],"class_list":["post-873","post","type-post","status-publish","format-standard","hentry","category-durango"],"_links":{"self":[{"href":"https:\/\/lagumex.mx\/index\/wp-json\/wp\/v2\/posts\/873","targetHints":{"allow":["GET"]}}],"collection":[{"href":"https:\/\/lagumex.mx\/index\/wp-json\/wp\/v2\/posts"}],"about":[{"href":"https:\/\/lagumex.mx\/index\/wp-json\/wp\/v2\/types\/post"}],"author":[{"embeddable":true,"href":"https:\/\/lagumex.mx\/index\/wp-json\/wp\/v2\/users\/1"}],"replies":[{"embeddable":true,"href":"https:\/\/lagumex.mx\/index\/wp-json\/wp\/v2\/comments?post=873"}],"version-history":[{"count":1,"href":"https:\/\/lagumex.mx\/index\/wp-json\/wp\/v2\/posts\/873\/revisions"}],"predecessor-version":[{"id":874,"href":"https:\/\/lagumex.mx\/index\/wp-json\/wp\/v2\/posts\/873\/revisions\/874"}],"wp:attachment":[{"href":"https:\/\/lagumex.mx\/index\/wp-json\/wp\/v2\/media?parent=873"}],"wp:term":[{"taxonomy":"category","embeddable":true,"href":"https:\/\/lagumex.mx\/index\/wp-json\/wp\/v2\/categories?post=873"},{"taxonomy":"post_tag","embeddable":true,"href":"https:\/\/lagumex.mx\/index\/wp-json\/wp\/v2\/tags?post=873"}],"curies":[{"name":"wp","href":"https:\/\/api.w.org\/{rel}","templated":true}]}}