{"id":863,"date":"2023-08-17T17:08:08","date_gmt":"2023-08-17T17:08:08","guid":{"rendered":"http:\/\/lagumex.mx\/index\/?p=863"},"modified":"2023-08-23T17:11:01","modified_gmt":"2023-08-23T17:11:01","slug":"inician-en-la-uadec-las-actividades-de-la-catedra-de-derechos-humanos-ministra-ana-margarita-rios-farjat","status":"publish","type":"post","link":"https:\/\/lagumex.mx\/index\/uncategorized\/uac\/uac-uac\/inician-en-la-uadec-las-actividades-de-la-catedra-de-derechos-humanos-ministra-ana-margarita-rios-farjat\/","title":{"rendered":"Inician en la UAdeC las Actividades de la \u201cC\u00e1tedra de Derechos Humanos Ministra Ana Margarita R\u00edos Farjat\u201d"},"content":{"rendered":"\n<p>SALTILLO, Coahuila. 17 de agosto de 2023. En el Aula Magna \u201cJos\u00e9 Mar\u00eda Fraustro Siller\u201d del Campus Poniente de la Universidad Aut\u00f3noma de Coahuila, se inauguraron las actividades para el semestre agosto-diciembre de 2023 de la \u201cC\u00e1tedra de Derechos Humanos Ministra Ana Margarita R\u00edos Farjat\u201d.<\/p>\n\n\n\n<p>La C\u00e1tedra es un espacio de reflexi\u00f3n y an\u00e1lisis en materia de derechos humanos, por lo cual este semestre se trabajar\u00e1 en la socializaci\u00f3n de las sentencias de la Suprema Corte de Justicia de la Naci\u00f3n (SCJN), para acercar al alumnado y a la comunidad en general al conocimiento de sus derechos.<\/p>\n\n\n\n<p>A la ceremonia asistieron la ministra de la Suprema Corte de Justicia de la Naci\u00f3n, Ana Margarita R\u00edos Farjat, en representaci\u00f3n del gobernador del Estado de Coahuila, Miguel \u00c1ngel Riquelme Sol\u00eds, el consejero jur\u00eddico, Valeriano Vald\u00e9s Cabello, en representaci\u00f3n del magistrado presidente del Tribunal Superior de Justicia del Estado de Coahuila, Miguel Felipe Mery Ayup, el magistrado presidente de la Sala Colegiada Civil y Familiar, C\u00e9sar Alejandro Saucedo Flores.<\/p>\n\n\n\n<p>As\u00ed mismo, el rector de la m\u00e1xima casa de estudios, Salvador Hern\u00e1ndez V\u00e9lez, la titular de la Defensor\u00eda de los Derechos Humanos Universitarios, Magda Yadira Robles Garza, funcionariado de la administraci\u00f3n central, directoras y directores de las diversas Escuelas y Facultades, comunidad estudiantil y docente e invitados especiales.<\/p>\n\n\n\n<p>La ministra Ana Margarita R\u00edos Farjat felicit\u00f3 a la UAdeC por cristalizar un programa completo y ambicioso en materia de derechos humanos que sembrar\u00e1 en positivo hacia una sociedad mejor a partir del estudio de casos resueltos en la SCJN que derivan de la lucha de personas que, a trav\u00e9s del litigio de sus problemas, buscan hacer uso pleno de sus derechos y al mismo tiempo abren la puerta para otras que se encuentran en la misma situaci\u00f3n.<\/p>\n\n\n\n<p>Durante su participaci\u00f3n, la ministra destac\u00f3 la importancia de difundir las sentencias para que la sociedad se apropie de ellas y conozca que los derechos humanos significan el potencial pleno de la vida, \u201cAnte la hostilidad, avanzar y empatizar, sumar en positivo, de eso se trata esta propuesta de trabajo (\u2026) que yo concibo como una forma de romper justamente con el ego\u00edsmo y de ir estructurando el conocimiento que hay sobre c\u00f3mo avanzar a un porvenir m\u00e1s luminoso, m\u00e1s brillante, donde todos podamos ser plenos y dar nuestra mejor versi\u00f3n a los dem\u00e1s. Nosotros podemos encargarnos de la administraci\u00f3n, del dise\u00f1o de leyes, de la ejecuci\u00f3n, pero es la sociedad, necesitamos que la sociedad avance con nosotros, que sepa tanto de derecho y justicia como nosotros \u201c, dijo.<\/p>\n\n\n\n<p>Por su parte, el rector Salvador Hern\u00e1ndez V\u00e9lez, coment\u00f3 que como universidad p\u00fablica responsable de la formaci\u00f3n integral del mayor n\u00famero de estudiantes del estado, se tiene la certeza de la necesidad de dotarlos de los conocimientos y herramientas m\u00e1s actuales, les permitir\u00e1n desarrollarse y desempe\u00f1arse como excelentes profesionistas, pero tambi\u00e9n como ciudadanos y ciudadanas con principios, valores y comportamientos en su rol como estudiantes como en todos los \u00e1mbitos de su vida cotidiana.<\/p>\n\n\n\n<p>\u201cLa articulaci\u00f3n que se ha podido lograr entre la c\u00e1tedra que lleva su nombre se\u00f1ora ministra, la Defensor\u00eda de los Derechos Humanos Universitarios que encabeza la doctora Magda Yadira Robles y el Centro de Estudios Interdisciplinarios, nos permitir\u00e1 fortalecer la materia de Educaci\u00f3n para la Ciudadan\u00eda y Derechos Humanos, asignatura que se encuentra instituida en nuestra Universidad, la cual es transversal y obligatoria para el alumnado del sexto, s\u00e9ptimo y \u00faltimo semestre de todas las carreras y que impacta a m\u00e1s de 38 mil estudiantes\u201d, dijo.<\/p>\n","protected":false},"excerpt":{"rendered":"<p>SALTILLO, Coahuila. 17 de agosto de 2023. En el Aula Magna \u201cJos\u00e9 Mar\u00eda Fraustro Siller\u201d del Campus Poniente de la Universidad Aut\u00f3noma de Coahuila, se inauguraron las actividades para el semestre agosto-diciembre de 2023 de la \u201cC\u00e1tedra de Derechos Humanos Ministra Ana Margarita R\u00edos Farjat\u201d. La C\u00e1tedra es un espacio de reflexi\u00f3n y an\u00e1lisis en&#8230;<\/p>\n","protected":false},"author":1,"featured_media":0,"comment_status":"open","ping_status":"open","sticky":false,"template":"","format":"standard","meta":{"footnotes":""},"categories":[9,11],"tags":[],"class_list":["post-863","post","type-post","status-publish","format-standard","hentry","category-uac-uac","category-uac"],"_links":{"self":[{"href":"https:\/\/lagumex.mx\/index\/wp-json\/wp\/v2\/posts\/863","targetHints":{"allow":["GET"]}}],"collection":[{"href":"https:\/\/lagumex.mx\/index\/wp-json\/wp\/v2\/posts"}],"about":[{"href":"https:\/\/lagumex.mx\/index\/wp-json\/wp\/v2\/types\/post"}],"author":[{"embeddable":true,"href":"https:\/\/lagumex.mx\/index\/wp-json\/wp\/v2\/users\/1"}],"replies":[{"embeddable":true,"href":"https:\/\/lagumex.mx\/index\/wp-json\/wp\/v2\/comments?post=863"}],"version-history":[{"count":1,"href":"https:\/\/lagumex.mx\/index\/wp-json\/wp\/v2\/posts\/863\/revisions"}],"predecessor-version":[{"id":864,"href":"https:\/\/lagumex.mx\/index\/wp-json\/wp\/v2\/posts\/863\/revisions\/864"}],"wp:attachment":[{"href":"https:\/\/lagumex.mx\/index\/wp-json\/wp\/v2\/media?parent=863"}],"wp:term":[{"taxonomy":"category","embeddable":true,"href":"https:\/\/lagumex.mx\/index\/wp-json\/wp\/v2\/categories?post=863"},{"taxonomy":"post_tag","embeddable":true,"href":"https:\/\/lagumex.mx\/index\/wp-json\/wp\/v2\/tags?post=863"}],"curies":[{"name":"wp","href":"https:\/\/api.w.org\/{rel}","templated":true}]}}