{"id":860,"date":"2023-08-16T17:04:52","date_gmt":"2023-08-16T17:04:52","guid":{"rendered":"http:\/\/lagumex.mx\/index\/?p=860"},"modified":"2023-08-23T17:08:05","modified_gmt":"2023-08-23T17:08:05","slug":"realizara-fcpys-de-la-uadec-la-semana-de-ciencia-politica-y-administracion-publica","status":"publish","type":"post","link":"https:\/\/lagumex.mx\/index\/uncategorized\/uac\/realizara-fcpys-de-la-uadec-la-semana-de-ciencia-politica-y-administracion-publica\/","title":{"rendered":"Realizar\u00e1 FCPyS de la UAdeC la Semana de Ciencia Pol\u00edtica y Administraci\u00f3n P\u00fablica"},"content":{"rendered":"\n<h2 class=\"wp-block-heading\">Para m\u00e1s informaci\u00f3n llamar al tel\u00e9fono (871) 171 56 79, visitar la p\u00e1gina de Facebook Comunicaci\u00f3n Social Fcpys, ingresar al sitio http:\/\/www.uadec.mx\/fcpys\/ o escribir al correo fcpys@uadec.edu.mx.<\/h2>\n\n\n\n<p>TORRE\u00d3N, Coahuila. 16 de agosto de 2023. La Universidad Aut\u00f3noma de Coahuila a trav\u00e9s de la Facultad de Ciencias Pol\u00edticas y Sociales (FCPyS) Unidad Torre\u00f3n, invita a la \u201cSemana de Ciencia Pol\u00edtica y Administraci\u00f3n P\u00fablica: La Importancia de la Ciencia Pol\u00edtica y la Administraci\u00f3n P\u00fablica en el \u00c1mbito Local y Nacional\u201d, que se llevar\u00e1 a cabo del 6 al 8 de septiembre de 2023 en Ciudad Universitaria UT.<\/p>\n\n\n\n<p>El objetivo de la actividad gratuita es fomentar la superaci\u00f3n acad\u00e9mica, social, pol\u00edtica y extracurricular de las y los estudiantes de la Licenciatura en Ciencia Pol\u00edtica y Administraci\u00f3n P\u00fablica, as\u00ed como abrir un espacio de an\u00e1lisis, opini\u00f3n, debate y participaci\u00f3n de la comunidad universitaria y del p\u00fablico en general participante.<\/p>\n\n\n\n<p>Durante la Semana de Ciencia Pol\u00edtica y Administraci\u00f3n P\u00fablica, se abordar\u00e1n temas como Violencia pol\u00edtica en raz\u00f3n de g\u00e9nero, La nueva forma de hacer pol\u00edtica desde el entorno legislativo, Comunicaci\u00f3n pol\u00edtica y marketing pol\u00edtico, Paridad de g\u00e9nero en la administraci\u00f3n p\u00fablica y en el \u00e1mbito legislativo, Sucesi\u00f3n presidencial del 2024, Transparencia y rendici\u00f3n de cuentas y Pol\u00edtica internacional.<\/p>\n\n\n\n<p>La ceremonia de apertura se realizar\u00e1 el mi\u00e9rcoles 6 de septiembre a las 14:00 horas; a las 14:30 se impartir\u00e1 una conferencia magistral a cargo del diputado Paul Ospital Carrera, as\u00ed como la Mesa Tem\u00e1tica \u201cPol\u00edticas P\u00fablicas encaminadas a la educaci\u00f3n\u201d; a las 16:20 se llevar\u00e1 a cabo una ponencia magistral por el M.C. Alfredo Viesca Dom\u00ednguez y a las 17:00 horas participar\u00e1 el analista pol\u00edtico y periodista, Hern\u00e1n G\u00f3mez Bruera.<\/p>\n\n\n\n<p>Las actividades continuar\u00e1n el jueves 7 de septiembre a las 9:30 con la bienvenida, posteriormente a las 10:00 horas se impartir\u00e1 una ponencia magistral a cargo del experto en Estudios Human\u00edsticos, Luis Gerardo Fr\u00edas; a las 10:50 el maestro en Derecho Internacional, Rodolfo Gerardo Walss estar\u00e1 a cargo de una conferencia.<\/p>\n\n\n\n<p>A las 12:00 horas se tendr\u00e1 una Mesa de G\u00e9nero a cargo de la especialista en Derechos Pol\u00edticos con Perspectiva Internacional y Comparada, Sof\u00eda D\u00edaz Lozano y a las 12:50 se realizar\u00e1 una ponencia por el doctor en Filosof\u00eda con orientaci\u00f3n en Ciencia Pol\u00edtica, Felipe Mara\u00f1\u00f3n.<\/p>\n\n\n\n<p>Para el 8 de septiembre a las 10:00 horas ser\u00e1 una conferencia magistral por el c\u00f3nsul general de Francia en Monterrey, Guillaume Pierre; a las 10:50 se desarrollar\u00e1 una Mesa de Regidores con la participaci\u00f3n de Enrique Sarmiento \u00c1lvarez, M\u00f3nica Montero Cuellar, Jos\u00e9 Armando Gonz\u00e1lez Murillo y Zazil Pacheco P\u00e9rez; a las 12:00 se llevar\u00e1 a cabo la ponencia magistral a cargo del pol\u00edtico, Jos\u00e9 \u00c1ngel P\u00e9rez y a las 12:50 se tendr\u00e1 la participaci\u00f3n del pol\u00edtico Antonio Attolini Murra.<\/p>\n\n\n\n<p><\/p>\n","protected":false},"excerpt":{"rendered":"<p>Para m\u00e1s informaci\u00f3n llamar al tel\u00e9fono (871) 171 56 79, visitar la p\u00e1gina de Facebook Comunicaci\u00f3n Social Fcpys, ingresar al sitio http:\/\/www.uadec.mx\/fcpys\/ o escribir al correo fcpys@uadec.edu.mx. TORRE\u00d3N, Coahuila. 16 de agosto de 2023. La Universidad Aut\u00f3noma de Coahuila a trav\u00e9s de la Facultad de Ciencias Pol\u00edticas y Sociales (FCPyS) Unidad Torre\u00f3n, invita a la&#8230;<\/p>\n","protected":false},"author":1,"featured_media":861,"comment_status":"open","ping_status":"open","sticky":false,"template":"","format":"standard","meta":{"footnotes":""},"categories":[11],"tags":[],"class_list":["post-860","post","type-post","status-publish","format-standard","has-post-thumbnail","hentry","category-uac"],"_links":{"self":[{"href":"https:\/\/lagumex.mx\/index\/wp-json\/wp\/v2\/posts\/860","targetHints":{"allow":["GET"]}}],"collection":[{"href":"https:\/\/lagumex.mx\/index\/wp-json\/wp\/v2\/posts"}],"about":[{"href":"https:\/\/lagumex.mx\/index\/wp-json\/wp\/v2\/types\/post"}],"author":[{"embeddable":true,"href":"https:\/\/lagumex.mx\/index\/wp-json\/wp\/v2\/users\/1"}],"replies":[{"embeddable":true,"href":"https:\/\/lagumex.mx\/index\/wp-json\/wp\/v2\/comments?post=860"}],"version-history":[{"count":1,"href":"https:\/\/lagumex.mx\/index\/wp-json\/wp\/v2\/posts\/860\/revisions"}],"predecessor-version":[{"id":862,"href":"https:\/\/lagumex.mx\/index\/wp-json\/wp\/v2\/posts\/860\/revisions\/862"}],"wp:featuredmedia":[{"embeddable":true,"href":"https:\/\/lagumex.mx\/index\/wp-json\/wp\/v2\/media\/861"}],"wp:attachment":[{"href":"https:\/\/lagumex.mx\/index\/wp-json\/wp\/v2\/media?parent=860"}],"wp:term":[{"taxonomy":"category","embeddable":true,"href":"https:\/\/lagumex.mx\/index\/wp-json\/wp\/v2\/categories?post=860"},{"taxonomy":"post_tag","embeddable":true,"href":"https:\/\/lagumex.mx\/index\/wp-json\/wp\/v2\/tags?post=860"}],"curies":[{"name":"wp","href":"https:\/\/api.w.org\/{rel}","templated":true}]}}