{"id":857,"date":"2023-08-01T03:18:04","date_gmt":"2023-08-01T03:18:04","guid":{"rendered":"http:\/\/lagumex.mx\/index\/?p=857"},"modified":"2023-08-17T03:19:33","modified_gmt":"2023-08-17T03:19:33","slug":"productores-del-sectores-social-se-arriesgaran-con-un-mini-ciclo-en-lerdo","status":"publish","type":"post","link":"https:\/\/lagumex.mx\/index\/lerdo\/productores-del-sectores-social-se-arriesgaran-con-un-mini-ciclo-en-lerdo\/","title":{"rendered":"Productores del sectores social se arriesgar\u00e1n con un mini-ciclo en Lerdo"},"content":{"rendered":"\n<h2 class=\"wp-block-heading\">Sembrar\u00e1n alrededor de cuatro mil hect\u00e1reas de forrajes y alfalfa<\/h2>\n\n\n\n<p>01 de agosto de 2023.Al tener pendiente la liberaci\u00f3n de cuatro millones de metros c\u00fabicos de agua rodada, el dirigente del M\u00f3dulo de Riego 03 de Lerdo, Samuel Mart\u00ednez Gonz\u00e1lez dijo que se arriesgar\u00e1n a un mini-ciclo para sembrar alrededor de cuatro mil hect\u00e1reas de forrajes y alfalfa.<\/p>\n\n\n\n<p>Lo anterior lo declar\u00f3 tras ser cuestionado sobre el particular, por lo que a\u00f1adi\u00f3 que el mini-ciclo podr\u00eda iniciar el pr\u00f3ximo 15 de agosto, a fin de estar levantando la cosecha para finales del mes de octubre pr\u00f3ximo.<\/p>\n\n\n\n<p>En ese sentido coment\u00f3 que los productores aprovechar\u00e1n la humedad que les arroj\u00f3 el ciclo agr\u00edcola primavera-verano 2023 que concluy\u00f3 el pasado 28 de julio, de ah\u00ed que muchos ya empezaron a sembrar sus cultivos.<\/p>\n\n\n\n<p>A pregunta expresa detall\u00f3 que sin duda alguna unos 800 productores del sector social se arriesgar\u00e1n con sus cultivos en virtud de que estar\u00e1n esperanzados a las lluvias que podr\u00edan llegar durante este mes de agosto, septiembre y parte de octubre, a fin de fortalecer los cultivos.<\/p>\n","protected":false},"excerpt":{"rendered":"<p>Sembrar\u00e1n alrededor de cuatro mil hect\u00e1reas de forrajes y alfalfa 01 de agosto de 2023.Al tener pendiente la liberaci\u00f3n de cuatro millones de metros c\u00fabicos de agua rodada, el dirigente del M\u00f3dulo de Riego 03 de Lerdo, Samuel Mart\u00ednez Gonz\u00e1lez dijo que se arriesgar\u00e1n a un mini-ciclo para sembrar alrededor de cuatro mil hect\u00e1reas de&#8230;<\/p>\n","protected":false},"author":1,"featured_media":0,"comment_status":"open","ping_status":"open","sticky":false,"template":"","format":"standard","meta":{"footnotes":""},"categories":[3],"tags":[],"class_list":["post-857","post","type-post","status-publish","format-standard","hentry","category-lerdo"],"_links":{"self":[{"href":"https:\/\/lagumex.mx\/index\/wp-json\/wp\/v2\/posts\/857","targetHints":{"allow":["GET"]}}],"collection":[{"href":"https:\/\/lagumex.mx\/index\/wp-json\/wp\/v2\/posts"}],"about":[{"href":"https:\/\/lagumex.mx\/index\/wp-json\/wp\/v2\/types\/post"}],"author":[{"embeddable":true,"href":"https:\/\/lagumex.mx\/index\/wp-json\/wp\/v2\/users\/1"}],"replies":[{"embeddable":true,"href":"https:\/\/lagumex.mx\/index\/wp-json\/wp\/v2\/comments?post=857"}],"version-history":[{"count":1,"href":"https:\/\/lagumex.mx\/index\/wp-json\/wp\/v2\/posts\/857\/revisions"}],"predecessor-version":[{"id":858,"href":"https:\/\/lagumex.mx\/index\/wp-json\/wp\/v2\/posts\/857\/revisions\/858"}],"wp:attachment":[{"href":"https:\/\/lagumex.mx\/index\/wp-json\/wp\/v2\/media?parent=857"}],"wp:term":[{"taxonomy":"category","embeddable":true,"href":"https:\/\/lagumex.mx\/index\/wp-json\/wp\/v2\/categories?post=857"},{"taxonomy":"post_tag","embeddable":true,"href":"https:\/\/lagumex.mx\/index\/wp-json\/wp\/v2\/tags?post=857"}],"curies":[{"name":"wp","href":"https:\/\/api.w.org\/{rel}","templated":true}]}}