{"id":849,"date":"2023-08-05T03:13:23","date_gmt":"2023-08-05T03:13:23","guid":{"rendered":"http:\/\/lagumex.mx\/index\/?p=849"},"modified":"2023-08-17T03:14:20","modified_gmt":"2023-08-17T03:14:20","slug":"prioriza-homero-martinez-materia-de-salud-en-lerdo","status":"publish","type":"post","link":"https:\/\/lagumex.mx\/index\/lerdo\/prioriza-homero-martinez-materia-de-salud-en-lerdo\/","title":{"rendered":"Prioriza Homero Mart\u00ednez materia de salud en Lerdo"},"content":{"rendered":"\n<h2 class=\"wp-block-heading\">Se cumple con la atenci\u00f3n de salud a todo los habitantes<\/h2>\n\n\n\n<p>05 de agosto de 2023. El Presidente Municipal Homero Mart\u00ednez Cabrera declar\u00f3 que la salud es uno de los temas prioritarios en la administraci\u00f3n que preside, por lo que durante este primer a\u00f1o de gobierno, se trabaja en la rehabilitaci\u00f3n de la Cl\u00ednica de Salud Municipal.<\/p>\n\n\n\n<p>La obra contempla mejoras en la infraestructura, renovaci\u00f3n de equipo y mobiliario, optimizaci\u00f3n del espacio para una atenci\u00f3n m\u00e1s eficiente, construcci\u00f3n de sala de descanso para el personal m\u00e9dico, entrada y salida para ambulancias, a fin de eficientizar la atenci\u00f3n m\u00e9dica en el municipio, mejorando la calidad y el servicio b\u00e1sico para los m\u00e1s de 160 mil habitantes. Adem\u00e1s se capacit\u00f3 al personal m\u00e9dico en detecci\u00f3n oportuna de enfermedades, diagn\u00f3sticos y tratamientos.<\/p>\n\n\n\n<p>De acuerdo al informe presentado por el Doctor Cecilio Medina, durante el primer a\u00f1o de Gobierno de la administraci\u00f3n 2022 \u2013 2025, se brindaron m\u00e1s de 300 mil servicios m\u00e9dicos en consultas m\u00e9dicas, ultrasonidos, suturas y retiros de puntos, traslados de ambulancia, toma de presi\u00f3n arterial y glucosa capilar, aplicaciones I.M. e I.V..<\/p>\n\n\n\n<p>Adem\u00e1s, a trav\u00e9s del departamento de Prevenci\u00f3n Social, se efectuaron casi 13 mil acciones en favor de la salud infantil, mediante la Brigada de Salud Escolar donde se brindaron consultas m\u00e9dicas, pl\u00e1ticas de cepillado dental, entrega de cepillos, tabletas reveladoras y sueros orales as\u00ed como vacunaciones para completar esquemas y desparasitaciones de pediculosis, atendiendo a m\u00e1s de 2 mil alumnos de preescolar y primaria.<\/p>\n","protected":false},"excerpt":{"rendered":"<p>Se cumple con la atenci\u00f3n de salud a todo los habitantes 05 de agosto de 2023. El Presidente Municipal Homero Mart\u00ednez Cabrera declar\u00f3 que la salud es uno de los temas prioritarios en la administraci\u00f3n que preside, por lo que durante este primer a\u00f1o de gobierno, se trabaja en la rehabilitaci\u00f3n de la Cl\u00ednica de&#8230;<\/p>\n","protected":false},"author":1,"featured_media":0,"comment_status":"open","ping_status":"open","sticky":false,"template":"","format":"standard","meta":{"footnotes":""},"categories":[3],"tags":[],"class_list":["post-849","post","type-post","status-publish","format-standard","hentry","category-lerdo"],"_links":{"self":[{"href":"https:\/\/lagumex.mx\/index\/wp-json\/wp\/v2\/posts\/849","targetHints":{"allow":["GET"]}}],"collection":[{"href":"https:\/\/lagumex.mx\/index\/wp-json\/wp\/v2\/posts"}],"about":[{"href":"https:\/\/lagumex.mx\/index\/wp-json\/wp\/v2\/types\/post"}],"author":[{"embeddable":true,"href":"https:\/\/lagumex.mx\/index\/wp-json\/wp\/v2\/users\/1"}],"replies":[{"embeddable":true,"href":"https:\/\/lagumex.mx\/index\/wp-json\/wp\/v2\/comments?post=849"}],"version-history":[{"count":1,"href":"https:\/\/lagumex.mx\/index\/wp-json\/wp\/v2\/posts\/849\/revisions"}],"predecessor-version":[{"id":850,"href":"https:\/\/lagumex.mx\/index\/wp-json\/wp\/v2\/posts\/849\/revisions\/850"}],"wp:attachment":[{"href":"https:\/\/lagumex.mx\/index\/wp-json\/wp\/v2\/media?parent=849"}],"wp:term":[{"taxonomy":"category","embeddable":true,"href":"https:\/\/lagumex.mx\/index\/wp-json\/wp\/v2\/categories?post=849"},{"taxonomy":"post_tag","embeddable":true,"href":"https:\/\/lagumex.mx\/index\/wp-json\/wp\/v2\/tags?post=849"}],"curies":[{"name":"wp","href":"https:\/\/api.w.org\/{rel}","templated":true}]}}