{"id":841,"date":"2023-08-09T03:08:47","date_gmt":"2023-08-09T03:08:47","guid":{"rendered":"http:\/\/lagumex.mx\/index\/?p=841"},"modified":"2023-08-17T03:09:37","modified_gmt":"2023-08-17T03:09:37","slug":"lerdo-sera-el-primer-beneficiado-del-mega-proyecto-agua-saludable","status":"publish","type":"post","link":"https:\/\/lagumex.mx\/index\/lerdo\/lerdo-sera-el-primer-beneficiado-del-mega-proyecto-agua-saludable\/","title":{"rendered":"Lerdo ser\u00e1 el primer beneficiado del mega proyecto Agua Saludable"},"content":{"rendered":"\n<h2 class=\"wp-block-heading\">El alcalde Homero Mart\u00ednez inform\u00f3 de algunos cambios de la conducci\u00f3n de agua tratada<\/h2>\n\n\n\n<p>09 de agosto de 2023.El alcalde Homero Mart\u00ednez Cabrera mencion\u00f3 que el presidente de la rep\u00fablica Andr\u00e9s Manuel L\u00f3pez Obrador fue muy puntual en se\u00f1alar que en el mes de diciembre deber\u00e1 estar funcionando el proyecto de Agua Saludable para La Laguna. El municipio de Lerdo ser\u00e1 el primer beneficiario, abastecido de manera directa desde la planta potabilizadora con la interconexi\u00f3n al m\u00faltiple del \u00e1rea de San Fernando.<\/p>\n\n\n\n<p>\u201cA m\u00ed me da una cierta tranquilidad porque no depender\u00eda de un megatanque, sino de manera directa, lo \u00fanico que van a instalar es el macro medidor para ver cu\u00e1nta agua nos est\u00e1n entregando como municipio\u201d, explic\u00f3.<\/p>\n\n\n\n<p>Lo anterior lo declar\u00f3 tras ser cuestionado sobre el particular minutos antes de realizar la entrega de uniformes a elementos de la Polic\u00eda Municipal de Lerdo.<\/p>\n\n\n\n<p>En ese sentido, el edil coment\u00f3 que en la pasada reuni\u00f3n con el director general del organismo de Cuencas Centrales del Norte de la Comisi\u00f3n Nacional del Agua (Conagua), Aar\u00f3n Fuentes, se pidi\u00f3 el compromiso para avanzar, pues el acuerdo con los constructores es que finalicen este a\u00f1o con todas las l\u00edneas primarias que se est\u00e1n introduciendo en la Laguna, para garantizar el abasto a finales del a\u00f1o en curso.<\/p>\n","protected":false},"excerpt":{"rendered":"<p>El alcalde Homero Mart\u00ednez inform\u00f3 de algunos cambios de la conducci\u00f3n de agua tratada 09 de agosto de 2023.El alcalde Homero Mart\u00ednez Cabrera mencion\u00f3 que el presidente de la rep\u00fablica Andr\u00e9s Manuel L\u00f3pez Obrador fue muy puntual en se\u00f1alar que en el mes de diciembre deber\u00e1 estar funcionando el proyecto de Agua Saludable para La&#8230;<\/p>\n","protected":false},"author":1,"featured_media":0,"comment_status":"open","ping_status":"open","sticky":false,"template":"","format":"standard","meta":{"footnotes":""},"categories":[3],"tags":[],"class_list":["post-841","post","type-post","status-publish","format-standard","hentry","category-lerdo"],"_links":{"self":[{"href":"https:\/\/lagumex.mx\/index\/wp-json\/wp\/v2\/posts\/841","targetHints":{"allow":["GET"]}}],"collection":[{"href":"https:\/\/lagumex.mx\/index\/wp-json\/wp\/v2\/posts"}],"about":[{"href":"https:\/\/lagumex.mx\/index\/wp-json\/wp\/v2\/types\/post"}],"author":[{"embeddable":true,"href":"https:\/\/lagumex.mx\/index\/wp-json\/wp\/v2\/users\/1"}],"replies":[{"embeddable":true,"href":"https:\/\/lagumex.mx\/index\/wp-json\/wp\/v2\/comments?post=841"}],"version-history":[{"count":1,"href":"https:\/\/lagumex.mx\/index\/wp-json\/wp\/v2\/posts\/841\/revisions"}],"predecessor-version":[{"id":842,"href":"https:\/\/lagumex.mx\/index\/wp-json\/wp\/v2\/posts\/841\/revisions\/842"}],"wp:attachment":[{"href":"https:\/\/lagumex.mx\/index\/wp-json\/wp\/v2\/media?parent=841"}],"wp:term":[{"taxonomy":"category","embeddable":true,"href":"https:\/\/lagumex.mx\/index\/wp-json\/wp\/v2\/categories?post=841"},{"taxonomy":"post_tag","embeddable":true,"href":"https:\/\/lagumex.mx\/index\/wp-json\/wp\/v2\/tags?post=841"}],"curies":[{"name":"wp","href":"https:\/\/api.w.org\/{rel}","templated":true}]}}