{"id":837,"date":"2023-08-11T03:06:08","date_gmt":"2023-08-11T03:06:08","guid":{"rendered":"http:\/\/lagumex.mx\/index\/?p=837"},"modified":"2023-08-17T03:07:01","modified_gmt":"2023-08-17T03:07:01","slug":"lerdo-en-espera-de-22-mdp-para-concluir-la-obra-del-cree","status":"publish","type":"post","link":"https:\/\/lagumex.mx\/index\/lerdo\/lerdo-en-espera-de-22-mdp-para-concluir-la-obra-del-cree\/","title":{"rendered":"Lerdo en espera de 22 mdp para concluir la obra del CREE"},"content":{"rendered":"\n<h2 class=\"wp-block-heading\">Existe un compromiso con el gobernador Esteban Villegas para poder concluir la obra<\/h2>\n\n\n\n<p>11 de agosto de 2023. El presidente municipal Homero Mart\u00ednez inform\u00f3 que est\u00e1n a la espera de que el gobierno del estado les destine 22 millones de pesos para concluir la obra del Centro de Rehabilitaci\u00f3n y Educaci\u00f3n Especial (CREE), cuya obra inici\u00f3 el pasado mes de septiembre del a\u00f1o 2020.<\/p>\n\n\n\n<p>Lo anterior lo declar\u00f3 tras ser cuestionado sobre el particular, por lo que a\u00f1adi\u00f3 que existe un compromiso con el gobernador Esteban Villegas de que a finales de este a\u00f1o 2023 se liberar\u00e1n cuando menos 8 millones de pesos para concluir la obra civil del CREE.<\/p>\n\n\n\n<p>En este sentido el alcalde se\u00f1al\u00f3 que 14 millones de pesos de los 22, se destinar\u00e1n para el equipamiento de esta importante obra que vendr\u00e1 atender alrededor de 18 mil personas con alguna discapacidad.<\/p>\n\n\n\n<p>A su vez, el presidente municipal asever\u00f3 que existe la intenci\u00f3n del gobernador Esteban Villegas de completar este financiamiento y la expectativa es que la obra quede concluida a finales de diciembre.<\/p>\n","protected":false},"excerpt":{"rendered":"<p>Existe un compromiso con el gobernador Esteban Villegas para poder concluir la obra 11 de agosto de 2023. El presidente municipal Homero Mart\u00ednez inform\u00f3 que est\u00e1n a la espera de que el gobierno del estado les destine 22 millones de pesos para concluir la obra del Centro de Rehabilitaci\u00f3n y Educaci\u00f3n Especial (CREE), cuya obra&#8230;<\/p>\n","protected":false},"author":1,"featured_media":0,"comment_status":"open","ping_status":"open","sticky":false,"template":"","format":"standard","meta":{"footnotes":""},"categories":[3],"tags":[],"class_list":["post-837","post","type-post","status-publish","format-standard","hentry","category-lerdo"],"_links":{"self":[{"href":"https:\/\/lagumex.mx\/index\/wp-json\/wp\/v2\/posts\/837","targetHints":{"allow":["GET"]}}],"collection":[{"href":"https:\/\/lagumex.mx\/index\/wp-json\/wp\/v2\/posts"}],"about":[{"href":"https:\/\/lagumex.mx\/index\/wp-json\/wp\/v2\/types\/post"}],"author":[{"embeddable":true,"href":"https:\/\/lagumex.mx\/index\/wp-json\/wp\/v2\/users\/1"}],"replies":[{"embeddable":true,"href":"https:\/\/lagumex.mx\/index\/wp-json\/wp\/v2\/comments?post=837"}],"version-history":[{"count":1,"href":"https:\/\/lagumex.mx\/index\/wp-json\/wp\/v2\/posts\/837\/revisions"}],"predecessor-version":[{"id":838,"href":"https:\/\/lagumex.mx\/index\/wp-json\/wp\/v2\/posts\/837\/revisions\/838"}],"wp:attachment":[{"href":"https:\/\/lagumex.mx\/index\/wp-json\/wp\/v2\/media?parent=837"}],"wp:term":[{"taxonomy":"category","embeddable":true,"href":"https:\/\/lagumex.mx\/index\/wp-json\/wp\/v2\/categories?post=837"},{"taxonomy":"post_tag","embeddable":true,"href":"https:\/\/lagumex.mx\/index\/wp-json\/wp\/v2\/tags?post=837"}],"curies":[{"name":"wp","href":"https:\/\/api.w.org\/{rel}","templated":true}]}}