{"id":833,"date":"2023-08-13T03:03:21","date_gmt":"2023-08-13T03:03:21","guid":{"rendered":"http:\/\/lagumex.mx\/index\/?p=833"},"modified":"2023-08-17T03:05:12","modified_gmt":"2023-08-17T03:05:12","slug":"visitantes-generaron-3-toneladas-de-basura-en-el-canon-de-fernandez","status":"publish","type":"post","link":"https:\/\/lagumex.mx\/index\/lerdo\/visitantes-generaron-3-toneladas-de-basura-en-el-canon-de-fernandez\/","title":{"rendered":"Visitantes generaron 3 toneladas de basura en el Ca\u00f1\u00f3n de Fern\u00e1ndez"},"content":{"rendered":"\n<h2 class=\"wp-block-heading\">Tambi\u00e9n se anunci\u00f3 que para los fines de semana se tendr\u00e1 el apoyo de elementos de Seguridad P\u00fablica y Transito<\/h2>\n\n\n\n<p>13 de agosto de 2023.Tras mencionar que no hubo anomal\u00edas por los automovilistas tipo razer y cuatrimotos, el titular de la Direcci\u00f3n de Medio Ambiente y Ecolog\u00eda de Lerdo, Ricardo D\u00edaz Segovia, inform\u00f3 que se registr\u00f3 una gran cantidad de basura generada por cientos de visitantes al Ca\u00f1\u00f3n de Fern\u00e1ndez.<\/p>\n\n\n\n<p>Se calcula hasta las labores de recolecci\u00f3n de basura de este lunes, que se hab\u00edan recabado tres toneladas; lo que sin duda es una gran cantidad, de ah\u00ed que las labores de limpieza se extender\u00e1n hasta este martes.<\/p>\n\n\n\n<p>Incluso, el funcionario hizo un llamado para los visitantes en el sentido de juntar y llevarse la basura que generan durante su estancia en este importante paraje natural protegida.<\/p>\n\n\n\n<p>A pregunta expresa, detall\u00f3 que en este reci\u00e9n fin de semana no se tuvieron problemas con los automovilistas tipo razer y cuatrimotos que suelen introducirse de manera ilegal al Ca\u00f1\u00f3n de Fern\u00e1ndez.<\/p>\n","protected":false},"excerpt":{"rendered":"<p>Tambi\u00e9n se anunci\u00f3 que para los fines de semana se tendr\u00e1 el apoyo de elementos de Seguridad P\u00fablica y Transito 13 de agosto de 2023.Tras mencionar que no hubo anomal\u00edas por los automovilistas tipo razer y cuatrimotos, el titular de la Direcci\u00f3n de Medio Ambiente y Ecolog\u00eda de Lerdo, Ricardo D\u00edaz Segovia, inform\u00f3 que se&#8230;<\/p>\n","protected":false},"author":1,"featured_media":0,"comment_status":"open","ping_status":"open","sticky":false,"template":"","format":"standard","meta":{"footnotes":""},"categories":[3],"tags":[],"class_list":["post-833","post","type-post","status-publish","format-standard","hentry","category-lerdo"],"_links":{"self":[{"href":"https:\/\/lagumex.mx\/index\/wp-json\/wp\/v2\/posts\/833","targetHints":{"allow":["GET"]}}],"collection":[{"href":"https:\/\/lagumex.mx\/index\/wp-json\/wp\/v2\/posts"}],"about":[{"href":"https:\/\/lagumex.mx\/index\/wp-json\/wp\/v2\/types\/post"}],"author":[{"embeddable":true,"href":"https:\/\/lagumex.mx\/index\/wp-json\/wp\/v2\/users\/1"}],"replies":[{"embeddable":true,"href":"https:\/\/lagumex.mx\/index\/wp-json\/wp\/v2\/comments?post=833"}],"version-history":[{"count":1,"href":"https:\/\/lagumex.mx\/index\/wp-json\/wp\/v2\/posts\/833\/revisions"}],"predecessor-version":[{"id":834,"href":"https:\/\/lagumex.mx\/index\/wp-json\/wp\/v2\/posts\/833\/revisions\/834"}],"wp:attachment":[{"href":"https:\/\/lagumex.mx\/index\/wp-json\/wp\/v2\/media?parent=833"}],"wp:term":[{"taxonomy":"category","embeddable":true,"href":"https:\/\/lagumex.mx\/index\/wp-json\/wp\/v2\/categories?post=833"},{"taxonomy":"post_tag","embeddable":true,"href":"https:\/\/lagumex.mx\/index\/wp-json\/wp\/v2\/tags?post=833"}],"curies":[{"name":"wp","href":"https:\/\/api.w.org\/{rel}","templated":true}]}}