{"id":824,"date":"2023-08-16T02:58:27","date_gmt":"2023-08-16T02:58:27","guid":{"rendered":"http:\/\/lagumex.mx\/index\/?p=824"},"modified":"2023-08-17T03:00:22","modified_gmt":"2023-08-17T03:00:22","slug":"entregaran-escrituras-publicas-en-lerdo","status":"publish","type":"post","link":"https:\/\/lagumex.mx\/index\/lerdo\/entregaran-escrituras-publicas-en-lerdo\/","title":{"rendered":"Entregar\u00e1n escrituras p\u00fablicas en Lerdo"},"content":{"rendered":"\n<h2 class=\"wp-block-heading\">Se pretende hacer la entrega en el mes de septiembre del presente a\u00f1o<\/h2>\n\n\n\n<p>16 de agosto de 2023. El Presidente Municipal de Lerdo, Homero Mart\u00ednez Cabrera, firm\u00f3 un convenio de colaboraci\u00f3n con el delegado de la Secretar\u00eda de Desarrollo Agrario, Territorial y Urbano (SEDATU), Francisco Santill\u00e1n de la Torre, en la capital del estado, para regularizar a miles de familias que no cuentan con una escritura de su predio, totalmente gratis, a trav\u00e9s del Instituto Nacional del Suelo Sustentable (INSUS).<\/p>\n\n\n\n<p>\u201cAgradezco al Gobernador Esteban Villegas que tambi\u00e9n se suma a este esfuerzo para que se condonen el cien por ciento de los impuestos totales\u201d, destac\u00f3 el alcalde.<\/p>\n\n\n\n<p>El mun\u00edcipe dijo que se trabaja en un primer proyecto de alrededor de 300 escrituras, mismas que se entregar\u00e1n, tentativamente, en el mes de septiembre del presente a\u00f1o.<\/p>\n\n\n\n<p>En dicho convenio, el municipio y el estado condonar\u00e1n el cien por ciento de los impuestos, mientras que el INSUS se encargar\u00e1 de la expedici\u00f3n de las escrituras para dar certeza jur\u00eddica de su patrimonio a los habitantes.<\/p>\n","protected":false},"excerpt":{"rendered":"<p>Se pretende hacer la entrega en el mes de septiembre del presente a\u00f1o 16 de agosto de 2023. El Presidente Municipal de Lerdo, Homero Mart\u00ednez Cabrera, firm\u00f3 un convenio de colaboraci\u00f3n con el delegado de la Secretar\u00eda de Desarrollo Agrario, Territorial y Urbano (SEDATU), Francisco Santill\u00e1n de la Torre, en la capital del estado, para&#8230;<\/p>\n","protected":false},"author":1,"featured_media":825,"comment_status":"open","ping_status":"open","sticky":false,"template":"","format":"standard","meta":{"footnotes":""},"categories":[3],"tags":[],"class_list":["post-824","post","type-post","status-publish","format-standard","has-post-thumbnail","hentry","category-lerdo"],"_links":{"self":[{"href":"https:\/\/lagumex.mx\/index\/wp-json\/wp\/v2\/posts\/824","targetHints":{"allow":["GET"]}}],"collection":[{"href":"https:\/\/lagumex.mx\/index\/wp-json\/wp\/v2\/posts"}],"about":[{"href":"https:\/\/lagumex.mx\/index\/wp-json\/wp\/v2\/types\/post"}],"author":[{"embeddable":true,"href":"https:\/\/lagumex.mx\/index\/wp-json\/wp\/v2\/users\/1"}],"replies":[{"embeddable":true,"href":"https:\/\/lagumex.mx\/index\/wp-json\/wp\/v2\/comments?post=824"}],"version-history":[{"count":1,"href":"https:\/\/lagumex.mx\/index\/wp-json\/wp\/v2\/posts\/824\/revisions"}],"predecessor-version":[{"id":826,"href":"https:\/\/lagumex.mx\/index\/wp-json\/wp\/v2\/posts\/824\/revisions\/826"}],"wp:featuredmedia":[{"embeddable":true,"href":"https:\/\/lagumex.mx\/index\/wp-json\/wp\/v2\/media\/825"}],"wp:attachment":[{"href":"https:\/\/lagumex.mx\/index\/wp-json\/wp\/v2\/media?parent=824"}],"wp:term":[{"taxonomy":"category","embeddable":true,"href":"https:\/\/lagumex.mx\/index\/wp-json\/wp\/v2\/categories?post=824"},{"taxonomy":"post_tag","embeddable":true,"href":"https:\/\/lagumex.mx\/index\/wp-json\/wp\/v2\/tags?post=824"}],"curies":[{"name":"wp","href":"https:\/\/api.w.org\/{rel}","templated":true}]}}