{"id":821,"date":"2023-08-16T02:55:49","date_gmt":"2023-08-16T02:55:49","guid":{"rendered":"http:\/\/lagumex.mx\/index\/?p=821"},"modified":"2023-08-17T02:58:26","modified_gmt":"2023-08-17T02:58:26","slug":"interconexiones-por-agua-saludable-en-torreon-en-diciembre","status":"publish","type":"post","link":"https:\/\/lagumex.mx\/index\/uncategorized\/torreon\/interconexiones-por-agua-saludable-en-torreon-en-diciembre\/","title":{"rendered":"Interconexiones por \u2018Agua Saludable\u2019 en Torre\u00f3n en diciembre"},"content":{"rendered":"\n<h2 class=\"wp-block-heading\">Ya est\u00e1n definidos los primeros 3 puntos a trabajarse<\/h2>\n\n\n\n<p>16 de agosto de 2023. Torre\u00f3n, Coahuila.- Ser\u00e1 en diciembre del presente a\u00f1o, cuando finalmente iniciar\u00e1n las interconexiones de tuber\u00eda en Torre\u00f3n, para recibir el vital l\u00edquido a trav\u00e9s del proyecto de \u2018Agua Saludable para La Laguna\u2019 del gobierno federal, informando el Ing. Raymundo Rodr\u00edguez de la Torre, gerente t\u00e9cnico del Simas Torre\u00f3n, que ya est\u00e1n definidos los primeros 3 puntos en los que se va a trabajar, ubic\u00e1ndose estos en las calles Rodr\u00edguez, Valdez Llano y Salvador Creel.<\/p>\n\n\n\n<p>Lo anterior se conoci\u00f3, luego de la reuni\u00f3n que sostuviera la gerencia general y t\u00e9cnica del Simas Torre\u00f3n con representantes de la Conagua en la regi\u00f3n:<\/p>\n\n\n\n<p>\u201cSe nos habl\u00f3 de los trabajos para los puntos de interconexi\u00f3n de las l\u00edneas, programados para el mes de diciembre, las posibles l\u00edneas de conducci\u00f3n y distribuci\u00f3n que vamos a empezar a construir junto con ellos, adem\u00e1s de las presiones que se van a manejar y de la calidad del agua que tendremos tambi\u00e9n\u201d, expuso el Ing. Rodr\u00edguez.<\/p>\n\n\n\n<p>La primera etapa para interconexi\u00f3n se concentrar\u00e1 en el lado norte de la ciudad, una por la calle Rodr\u00edguez, otra por la calle Valdez Llano y la otra por la Salvador Creel, en las cuales se trabajar\u00e1 a mediados de diciembre tentativamente.<\/p>\n\n\n\n<p>\u201cTendremos otras interconexiones en Villa Florida, otra all\u00e1 por Senderos, por Vi\u00f1edos, conforme se vaya avanzando en el proyecto nos van a dar los puntos de interconexi\u00f3n, pero los tres primeros son los que ya mencionamos y son los que comenzaremos en diciembre\u201d, agreg\u00f3 Raymundo.<\/p>\n","protected":false},"excerpt":{"rendered":"<p>Ya est\u00e1n definidos los primeros 3 puntos a trabajarse 16 de agosto de 2023. Torre\u00f3n, Coahuila.- Ser\u00e1 en diciembre del presente a\u00f1o, cuando finalmente iniciar\u00e1n las interconexiones de tuber\u00eda en Torre\u00f3n, para recibir el vital l\u00edquido a trav\u00e9s del proyecto de \u2018Agua Saludable para La Laguna\u2019 del gobierno federal, informando el Ing. Raymundo Rodr\u00edguez de&#8230;<\/p>\n","protected":false},"author":1,"featured_media":822,"comment_status":"open","ping_status":"open","sticky":false,"template":"","format":"standard","meta":{"footnotes":""},"categories":[10],"tags":[],"class_list":["post-821","post","type-post","status-publish","format-standard","has-post-thumbnail","hentry","category-torreon"],"_links":{"self":[{"href":"https:\/\/lagumex.mx\/index\/wp-json\/wp\/v2\/posts\/821","targetHints":{"allow":["GET"]}}],"collection":[{"href":"https:\/\/lagumex.mx\/index\/wp-json\/wp\/v2\/posts"}],"about":[{"href":"https:\/\/lagumex.mx\/index\/wp-json\/wp\/v2\/types\/post"}],"author":[{"embeddable":true,"href":"https:\/\/lagumex.mx\/index\/wp-json\/wp\/v2\/users\/1"}],"replies":[{"embeddable":true,"href":"https:\/\/lagumex.mx\/index\/wp-json\/wp\/v2\/comments?post=821"}],"version-history":[{"count":1,"href":"https:\/\/lagumex.mx\/index\/wp-json\/wp\/v2\/posts\/821\/revisions"}],"predecessor-version":[{"id":823,"href":"https:\/\/lagumex.mx\/index\/wp-json\/wp\/v2\/posts\/821\/revisions\/823"}],"wp:featuredmedia":[{"embeddable":true,"href":"https:\/\/lagumex.mx\/index\/wp-json\/wp\/v2\/media\/822"}],"wp:attachment":[{"href":"https:\/\/lagumex.mx\/index\/wp-json\/wp\/v2\/media?parent=821"}],"wp:term":[{"taxonomy":"category","embeddable":true,"href":"https:\/\/lagumex.mx\/index\/wp-json\/wp\/v2\/categories?post=821"},{"taxonomy":"post_tag","embeddable":true,"href":"https:\/\/lagumex.mx\/index\/wp-json\/wp\/v2\/tags?post=821"}],"curies":[{"name":"wp","href":"https:\/\/api.w.org\/{rel}","templated":true}]}}