{"id":815,"date":"2023-08-17T02:52:59","date_gmt":"2023-08-17T02:52:59","guid":{"rendered":"http:\/\/lagumex.mx\/index\/?p=815"},"modified":"2023-08-17T02:52:59","modified_gmt":"2023-08-17T02:52:59","slug":"buscara-coahuilense-dafne-quintero-otro-oro-por-equipos-en-la-copa-del-mundo-de-tiro-con-arco-en-paris","status":"publish","type":"post","link":"https:\/\/lagumex.mx\/index\/uncategorized\/uac\/uac-uac\/coahuila-coahuila\/buscara-coahuilense-dafne-quintero-otro-oro-por-equipos-en-la-copa-del-mundo-de-tiro-con-arco-en-paris\/","title":{"rendered":"BUSCAR\u00c1 COAHUILENSE DAFNE QUINTERO OTRO ORO POR EQUIPOS EN LA COPA DEL MUNDO DE TIRO CON ARCO, EN PAR\u00cdS"},"content":{"rendered":"\n<p>Saltillo, Coahuila de Zaragoza; a 16 de Agosto de 2023.- La arquera coahuilense Dafne Quintero buscar\u00e1, una vez m\u00e1s, una Medalla de Oro por Equipos en la Modalidad Compuesto Femenil, luego de que la tercia mexicana avanzara a la Final de la Copa del Mundo que se celebra en Par\u00eds, Francia.<\/p>\n\n\n\n<p>&nbsp;Junto a Ana Sof\u00eda Hern\u00e1ndez y Andrea Becerra, logr\u00f3 clasificarse en la tercera posici\u00f3n y derrotar en la primera ronda a su similar de Islandia por 234-214, para despu\u00e9s dar cuenta de Holanda por 234-227, en Cuartos de Final.<\/p>\n\n\n\n<p>&nbsp;En las Semifinales, la tercia mexicana vivi\u00f3 un duelo de alarido y venci\u00f3 a Corea del Sur por 234-233. Dafne Quintero y compa\u00f1\u00eda buscar\u00e1n subir a la cima del podio el s\u00e1bado 19 de agosto, cuando se enfrenten de nueva cuenta a la India en la Final.<\/p>\n\n\n\n<p>&nbsp;Por su parte, la coahuilense \u00c1ngela Ruiz inici\u00f3 su participaci\u00f3n en Par\u00eds y se clasific\u00f3 en la posici\u00f3n 24, con 658 unidades; mientras que el equipo mexicano, que conforma junto a Alejandra Valencia y A\u00edda Rom\u00e1n, se coloc\u00f3 en el quinto sitio, con 1987 puntos.<\/p>\n\n\n\n<p>&nbsp;\u00c1ngela Ruiz gan\u00f3 su primer match de la Ronda Ol\u00edmpica Individual y ahora enfrentar\u00e1 en segunda ronda a Tatiana Andreoli, de Italia. Mientras que la tercia mexicana espera rival en la segunda ronda del torneo.<\/p>\n","protected":false},"excerpt":{"rendered":"<p>Saltillo, Coahuila de Zaragoza; a 16 de Agosto de 2023.- La arquera coahuilense Dafne Quintero buscar\u00e1, una vez m\u00e1s, una Medalla de Oro por Equipos en la Modalidad Compuesto Femenil, luego de que la tercia mexicana avanzara a la Final de la Copa del Mundo que se celebra en Par\u00eds, Francia. &nbsp;Junto a Ana Sof\u00eda&#8230;<\/p>\n","protected":false},"author":1,"featured_media":816,"comment_status":"open","ping_status":"open","sticky":false,"template":"","format":"standard","meta":{"footnotes":""},"categories":[2,4],"tags":[],"class_list":["post-815","post","type-post","status-publish","format-standard","has-post-thumbnail","hentry","category-coahuila-coahuila","category-sports"],"_links":{"self":[{"href":"https:\/\/lagumex.mx\/index\/wp-json\/wp\/v2\/posts\/815","targetHints":{"allow":["GET"]}}],"collection":[{"href":"https:\/\/lagumex.mx\/index\/wp-json\/wp\/v2\/posts"}],"about":[{"href":"https:\/\/lagumex.mx\/index\/wp-json\/wp\/v2\/types\/post"}],"author":[{"embeddable":true,"href":"https:\/\/lagumex.mx\/index\/wp-json\/wp\/v2\/users\/1"}],"replies":[{"embeddable":true,"href":"https:\/\/lagumex.mx\/index\/wp-json\/wp\/v2\/comments?post=815"}],"version-history":[{"count":1,"href":"https:\/\/lagumex.mx\/index\/wp-json\/wp\/v2\/posts\/815\/revisions"}],"predecessor-version":[{"id":817,"href":"https:\/\/lagumex.mx\/index\/wp-json\/wp\/v2\/posts\/815\/revisions\/817"}],"wp:featuredmedia":[{"embeddable":true,"href":"https:\/\/lagumex.mx\/index\/wp-json\/wp\/v2\/media\/816"}],"wp:attachment":[{"href":"https:\/\/lagumex.mx\/index\/wp-json\/wp\/v2\/media?parent=815"}],"wp:term":[{"taxonomy":"category","embeddable":true,"href":"https:\/\/lagumex.mx\/index\/wp-json\/wp\/v2\/categories?post=815"},{"taxonomy":"post_tag","embeddable":true,"href":"https:\/\/lagumex.mx\/index\/wp-json\/wp\/v2\/tags?post=815"}],"curies":[{"name":"wp","href":"https:\/\/api.w.org\/{rel}","templated":true}]}}