{"id":804,"date":"2023-08-13T02:40:55","date_gmt":"2023-08-13T02:40:55","guid":{"rendered":"http:\/\/lagumex.mx\/index\/?p=804"},"modified":"2023-08-17T02:42:56","modified_gmt":"2023-08-17T02:42:56","slug":"con-apoyo-del-gobierno-federal-durango-cuenta-con-carreteras-modernas-como-los-herrera-tamazula-esteban","status":"publish","type":"post","link":"https:\/\/lagumex.mx\/index\/durango\/con-apoyo-del-gobierno-federal-durango-cuenta-con-carreteras-modernas-como-los-herrera-tamazula-esteban\/","title":{"rendered":"Con apoyo del Gobierno Federal, Durango cuenta con carreteras modernas como los Herrera -Tamazula: Esteban"},"content":{"rendered":"\n<h2 class=\"wp-block-heading\">El secretario de Infraestructura, Comunicaciones y Transportes, junto al Gobernador de Durango, anunciaron su pr\u00f3xima inauguraci\u00f3n.<\/h2>\n\n\n\n<p>13 de agosto de 2023. Adem\u00e1s adelanta Villegas Villarreal que arrancar\u00e1 la rehabilitaci\u00f3n y construcci\u00f3n de 10 caminos artesanales en comunidades alejadas del Mezquital, Pueblo Nuevo y S\u00fachil.<\/p>\n\n\n\n<p>Con el apoyo del Presidente de la Rep\u00fablica, Andr\u00e9s Manuel L\u00f3pez Obrador y con una inversi\u00f3n de m\u00e1s de mil millones de pesos, la carretera Los Herrera- Tamazula ya esta terminada, destac\u00f3 el gobernador Esteban Villegas Villarreal al constatar la conclusi\u00f3n de esta obra junto al titular de la Secretar\u00eda de Infraestructura, Comunicaciones y Transportes (SICT), Jorge Nu\u00f1o Lara en un recorrido a\u00e9reo.<\/p>\n\n\n\n<p>\u201cEs una carretera igual que la libre Durango &#8211; Mazatl\u00e1n, cruza la sierra madre occidental, es un gran trabajo de ingenier\u00eda y creo que eso la gente lo debe de saber\u201d, expres\u00f3 el Mandatario Estatal al reconocer la participaci\u00f3n de la SICT para que esta v\u00eda de comunicaci\u00f3n tan esperada, sea una realidad.<\/p>\n\n\n\n<p>El Gobernador aprovech\u00f3 este momento para anunciar el arranque de la construcci\u00f3n y rehabilitaci\u00f3n de caminos artesanales, ya que gracias a la Federaci\u00f3n, Durango contar\u00e1 en este mes de octubre con recurso adicional para este rubro; \u201cpor lo pronto son 10 caminos en diferentes partes, tanto del Mezquital como de la sierra de Pueblo Nuevo, S\u00fachil y toda esa zona\u201d, detall\u00f3.<\/p>\n\n\n\n<p>El secretario de Infraestructura, Comunicaciones y Transportes, Jorge Nu\u00f1o, agradeci\u00f3 al Mandatario duranguense su apoyo constante en todos los proyectos, como lo es esta gran obra carretera, \u201cson 292 km que pudimos terminar y esperamos pr\u00f3ximamente anunciar la inauguraci\u00f3n, adem\u00e1s pudimos ver tambi\u00e9n las necesidades de modernizaci\u00f3n de otros caminos, much\u00edsimas gracias Gobernador por t\u00fa cooperaci\u00f3n y amistad\u201d, expres\u00f3.<\/p>\n\n\n\n<p>Al concluir este recorrido, el titular de la SICT, resalt\u00f3 el trabajo de los funcionarios de dicha Secretar\u00eda, como el director general de Carreteras, Salvador Fern\u00e1ndez y el titular de la SCT, \u00c1ngel Sergio Devora N\u00fa\u00f1ez, quienes han sido piezas claves en la construcci\u00f3n que conectar\u00e1 a Sinaloa con la entidad duranguense y que se vuelve un eje transversal como la Durango \u2013 Mazatl\u00e1n.<\/p>\n","protected":false},"excerpt":{"rendered":"<p>El secretario de Infraestructura, Comunicaciones y Transportes, junto al Gobernador de Durango, anunciaron su pr\u00f3xima inauguraci\u00f3n. 13 de agosto de 2023. Adem\u00e1s adelanta Villegas Villarreal que arrancar\u00e1 la rehabilitaci\u00f3n y construcci\u00f3n de 10 caminos artesanales en comunidades alejadas del Mezquital, Pueblo Nuevo y S\u00fachil. Con el apoyo del Presidente de la Rep\u00fablica, Andr\u00e9s Manuel L\u00f3pez&#8230;<\/p>\n","protected":false},"author":1,"featured_media":0,"comment_status":"open","ping_status":"open","sticky":false,"template":"","format":"standard","meta":{"footnotes":""},"categories":[1],"tags":[],"class_list":["post-804","post","type-post","status-publish","format-standard","hentry","category-durango"],"_links":{"self":[{"href":"https:\/\/lagumex.mx\/index\/wp-json\/wp\/v2\/posts\/804","targetHints":{"allow":["GET"]}}],"collection":[{"href":"https:\/\/lagumex.mx\/index\/wp-json\/wp\/v2\/posts"}],"about":[{"href":"https:\/\/lagumex.mx\/index\/wp-json\/wp\/v2\/types\/post"}],"author":[{"embeddable":true,"href":"https:\/\/lagumex.mx\/index\/wp-json\/wp\/v2\/users\/1"}],"replies":[{"embeddable":true,"href":"https:\/\/lagumex.mx\/index\/wp-json\/wp\/v2\/comments?post=804"}],"version-history":[{"count":1,"href":"https:\/\/lagumex.mx\/index\/wp-json\/wp\/v2\/posts\/804\/revisions"}],"predecessor-version":[{"id":805,"href":"https:\/\/lagumex.mx\/index\/wp-json\/wp\/v2\/posts\/804\/revisions\/805"}],"wp:attachment":[{"href":"https:\/\/lagumex.mx\/index\/wp-json\/wp\/v2\/media?parent=804"}],"wp:term":[{"taxonomy":"category","embeddable":true,"href":"https:\/\/lagumex.mx\/index\/wp-json\/wp\/v2\/categories?post=804"},{"taxonomy":"post_tag","embeddable":true,"href":"https:\/\/lagumex.mx\/index\/wp-json\/wp\/v2\/tags?post=804"}],"curies":[{"name":"wp","href":"https:\/\/api.w.org\/{rel}","templated":true}]}}