{"id":800,"date":"2023-08-11T02:37:05","date_gmt":"2023-08-11T02:37:05","guid":{"rendered":"http:\/\/lagumex.mx\/index\/?p=800"},"modified":"2023-08-17T02:39:19","modified_gmt":"2023-08-17T02:39:19","slug":"isai-pronto-sera-un-nino-sano-porque-esteban-lo-atiende-y-le-resuelve-con-rapidez","status":"publish","type":"post","link":"https:\/\/lagumex.mx\/index\/durango\/isai-pronto-sera-un-nino-sano-porque-esteban-lo-atiende-y-le-resuelve-con-rapidez\/","title":{"rendered":"Isa\u00ed pronto ser\u00e1 un ni\u00f1o sano porque Esteban lo atiende y le resuelve con rapidez"},"content":{"rendered":"\n<h2 class=\"wp-block-heading\">Peque\u00f1o de 3 a\u00f1os, ya recibe medicamento y monitoreo de especialistas del Hospital General 450 ante padecimiento de alopecia areata.<\/h2>\n\n\n\n<p>11 de agosto de 2023. El tratamiento es muy caro, pero gracias al respaldo del Gobernador, mi hijo ya empez\u00f3 a tomar el medicamento: Mam\u00e1 de Isa\u00ed.<\/p>\n\n\n\n<p>\u201cNada se compara con ver la felicidad y la tranquilidad de las ni\u00f1as y ni\u00f1os sanos\u201d, dijo el gobernador Esteban Villegas Villarreal al encontrarse con Isa\u00ed, un peque\u00f1o de tres a\u00f1os, que padece alopecia, y a qui\u00e9n canaliz\u00f3 de manera inmediata para que en corto y en caliente, reciba la atenci\u00f3n m\u00e9dica necesaria.<\/p>\n\n\n\n<p>Al conocer el caso del ni\u00f1o, el Ejecutivo Estatal se puso en contacto con el personal de la Secretar\u00eda de Salud&nbsp; y gir\u00f3 instrucciones para que a la brevedad, recibiera atenci\u00f3n , lo revisaran especialistas y le brindaran un tratamiento para este padecimiento relacionado con la falta de cabello.<\/p>\n\n\n\n<p>El peque\u00f1o Isa\u00ed Fr\u00edas, estaba sobre una carreola y al lado de \u00e9l, su mam\u00e1 Lucero Janet Camacho Barrera, quien despu\u00e9s de platicar con el Gobernador, se mantuvo a la espera de que el personal m\u00e9dico pasara a su domicilio para llevarlos a la primera consulta.<\/p>\n\n\n\n<p>Y tal como se comprometi\u00f3 Esteban Villegas, Janet y su hijo,&nbsp; fueron llevados al Hospital General 450 para su atenci\u00f3n m\u00e9dica, donde se le abri\u00f3 expediente para atender al ni\u00f1o y darle seguimiento a su tratamiento hasta que quede completamente sano.<\/p>\n\n\n\n<p>\u201cMe siento muy feliz porque mi hijo va a empezar su tratamiento gracias al Gobernador\u201d, expres\u00f3 la se\u00f1ora al narrar su historia que ha vivido con su hijo, donde platic\u00f3 que lo hab\u00eda llevado a varios lugares, cl\u00ednicas, pero en algunas ocasiones ni siquiera lo revisaban de su cabecita, en otra ocasi\u00f3n llev\u00f3 sus estudios y le dijeron que era alopecia hereditaria.<\/p>\n\n\n\n<p>\u201cAhora ya tengo una respuesta a fondo de qu\u00e9 padece mi ni\u00f1o, es alopecia areata, dijo al reconocer y agradecer el apoyo de los especialistas y el medicamento que le estar\u00e1n proporcionando por parte del Gobierno del Estado durante su tratamiento, ya que son suministros caros.<\/p>\n\n\n\n<p>El especialista en gen\u00e9tica m\u00e9dica y genodermatolog\u00eda,&nbsp; de la Secretar\u00eda de Salud, Jos\u00e9 Ram\u00f3n Soto \u00c1lvarez, revis\u00f3 al peque\u00f1o Isa\u00ed y le diagnostic\u00f3 que se trata de un trastorno de auto inmunidad del cuero cabelludo, que empieza a generar defensas que atacan el cabello como tal, y por la edad del ni\u00f1o, se necesita tratamiento multidisciplinario y apoyo de otros especialistas, lo cual, ya se est\u00e1 llevando a cabo.<\/p>\n\n\n\n<p>Agreg\u00f3 que ya se le recetaron antinflamatorios t\u00f3picos y sist\u00e9micos para dormir un poco las defensas, y lograr que el cabello regrese; son tratamientos de uso controlado e indicado, por ello, se mantendr\u00e1 en constante monitoreo, hasta que recupere su salud y su cabello.<\/p>\n","protected":false},"excerpt":{"rendered":"<p>Peque\u00f1o de 3 a\u00f1os, ya recibe medicamento y monitoreo de especialistas del Hospital General 450 ante padecimiento de alopecia areata. 11 de agosto de 2023. El tratamiento es muy caro, pero gracias al respaldo del Gobernador, mi hijo ya empez\u00f3 a tomar el medicamento: Mam\u00e1 de Isa\u00ed. \u201cNada se compara con ver la felicidad y&#8230;<\/p>\n","protected":false},"author":1,"featured_media":0,"comment_status":"open","ping_status":"open","sticky":false,"template":"","format":"standard","meta":{"footnotes":""},"categories":[1],"tags":[],"class_list":["post-800","post","type-post","status-publish","format-standard","hentry","category-durango"],"_links":{"self":[{"href":"https:\/\/lagumex.mx\/index\/wp-json\/wp\/v2\/posts\/800","targetHints":{"allow":["GET"]}}],"collection":[{"href":"https:\/\/lagumex.mx\/index\/wp-json\/wp\/v2\/posts"}],"about":[{"href":"https:\/\/lagumex.mx\/index\/wp-json\/wp\/v2\/types\/post"}],"author":[{"embeddable":true,"href":"https:\/\/lagumex.mx\/index\/wp-json\/wp\/v2\/users\/1"}],"replies":[{"embeddable":true,"href":"https:\/\/lagumex.mx\/index\/wp-json\/wp\/v2\/comments?post=800"}],"version-history":[{"count":1,"href":"https:\/\/lagumex.mx\/index\/wp-json\/wp\/v2\/posts\/800\/revisions"}],"predecessor-version":[{"id":801,"href":"https:\/\/lagumex.mx\/index\/wp-json\/wp\/v2\/posts\/800\/revisions\/801"}],"wp:attachment":[{"href":"https:\/\/lagumex.mx\/index\/wp-json\/wp\/v2\/media?parent=800"}],"wp:term":[{"taxonomy":"category","embeddable":true,"href":"https:\/\/lagumex.mx\/index\/wp-json\/wp\/v2\/categories?post=800"},{"taxonomy":"post_tag","embeddable":true,"href":"https:\/\/lagumex.mx\/index\/wp-json\/wp\/v2\/tags?post=800"}],"curies":[{"name":"wp","href":"https:\/\/api.w.org\/{rel}","templated":true}]}}