{"id":796,"date":"2023-08-09T02:26:43","date_gmt":"2023-08-09T02:26:43","guid":{"rendered":"http:\/\/lagumex.mx\/index\/?p=796"},"modified":"2023-08-17T02:30:37","modified_gmt":"2023-08-17T02:30:37","slug":"adultos-mayores-volveran-a-sonreir-arranca-marisol-y-esteban-programa-de-protesis-dentales-gratuitas","status":"publish","type":"post","link":"https:\/\/lagumex.mx\/index\/durango\/adultos-mayores-volveran-a-sonreir-arranca-marisol-y-esteban-programa-de-protesis-dentales-gratuitas\/","title":{"rendered":"Adultos mayores volver\u00e1n a sonre\u00edr; arranca Marisol y Esteban programa de pr\u00f3tesis dentales gratuitas"},"content":{"rendered":"\n<h2 class=\"wp-block-heading\">Signan convenio de colaboraci\u00f3n DIF Estatal y Universidad Ju\u00e1rez del Estado, para subrogar servicios dentales a las personas de la tercera edad.<\/h2>\n\n\n\n<p>09 de agosto de 2023. \u201cLos adultos mayores van a recuperar su autoestima y volver\u00e1n a sonre\u00edr\u201d: EVV<\/p>\n\n\n\n<p>Vamos a brindarles seguridad y mejor calidad de vida a los adultos mayores, con la entrega de pr\u00f3tesis dentales gratuitas,&nbsp; afirmaron la presidenta del DIF Estatal, Marisol Rosso y el Gobernador Esteban Villegas, al poner en marcha este noble programa, tras signar un convenio de colaboraci\u00f3n con la Universidad Ju\u00e1rez del Estado (UJED), para la subrogaci\u00f3n de los servicios odontol\u00f3gicos.<\/p>\n\n\n\n<p>\u201cCon este trabajo que les van a realizar, los adultos mayores van a recuperar su autoestima, y volver\u00e1n a sonre\u00edr\u201d, expres\u00f3 Villegas Villarreal al detallar que los servicios dentales a las personas de la tercera edad, se realizar\u00e1n en la Facultad de Odontolog\u00eda, donde se llevar\u00e1n a cabo trabajos desde la colocaci\u00f3n de pr\u00f3tesis totales, bilaterales, inferior o superior.<\/p>\n\n\n\n<p>A la par,&nbsp; se brindar\u00e1 atenci\u00f3n general al paciente con un tratamiento integral, con el fin que el adulto mayor pueda tener la capacidad de alimentarse bien&nbsp; y que no se a\u00edslen de la sociedad por pena de no tener su dentadura completa; \u201cno queremos que se queden en la casa porque no tienen sus dientes, adem\u00e1s de que ya no pueden comer lo mismo y se ve reflejado en su salud\u201d, apunt\u00f3 el Mandatario Estatal.<\/p>\n\n\n\n<p>Se estima beneficiar a mil 500 personas con una inversi\u00f3n de 6 millones de pesos; asistir\u00e1n a la Facultad de Odontolog\u00eda a su consulta dental, porque ah\u00ed cuentan con el equipo y personal necesario, a\u00f1adi\u00f3 el gobernador al asegurar que si a alguna persona se le detecta en este proceso alguna otra problem\u00e1tica, se cuenta con los especialistas para brindarles la mejor atenci\u00f3n.<\/p>\n\n\n\n<p>Por primera vez en la historia de DIF Estatal, se hace posible este programa de pr\u00f3stesis dentales, el cual se llevar\u00e1 a cabo de manera exhaustiva, para as\u00ed cuidar y darles la oportunidad a los adultos mayores de que no se a\u00edslen y contin\u00faen con su vida social y con una sonrisa de coraz\u00f3n, dijo la presidenta del organismo asistencial, Marisol Rosso Rivera.&nbsp;<\/p>\n\n\n\n<p>Por su parte, el rector de la UJED, Rub\u00e9n Sol\u00eds R\u00edos, reiter\u00f3 que en la Facultad de Odontolog\u00eda se cuenta con dos cl\u00ednicas que est\u00e1n en atenci\u00f3n al p\u00fablico, una de ellas atiende personal de posgrado con equipo nuevo y servicio de calidad, es por eso, que a trav\u00e9s del convenio se van a elaborar diferentes pr\u00f3tesis en beneficio de los adultos mayores.<\/p>\n\n\n\n<p>El alcalde, Jos\u00e9 Antonio Ochoa, destac\u00f3 que el Gobernador convoca por las causas m\u00e1s sentidas de los duranguenses, ya que este es un&nbsp; convenio importante, asimismo agradeci\u00f3 al DIF Estatal, por sumar esfuerzos para multiplicar resultados y&nbsp; reconoci\u00f3 a la Presidenta de este sistema,&nbsp; la labor que realiza por quienes m\u00e1s lo necesitan.<\/p>\n\n\n\n<p>Vamos a atenderlos a todos, si tienen caries y se puede arreglar lo haremos, la atenci\u00f3n ser\u00e1 de calidad, ya que en la Facultad tenemos la capacidad de recibir cerca de cien pacientes por hora, cuenten con el apoyo de la UJED,&nbsp; la atenci\u00f3n ser\u00e1 de primera calidad, finaliz\u00f3 el director de Odontolog\u00eda, Gamaliel Ortiz Sarabia.<\/p>\n","protected":false},"excerpt":{"rendered":"<p>Signan convenio de colaboraci\u00f3n DIF Estatal y Universidad Ju\u00e1rez del Estado, para subrogar servicios dentales a las personas de la tercera edad. 09 de agosto de 2023. \u201cLos adultos mayores van a recuperar su autoestima y volver\u00e1n a sonre\u00edr\u201d: EVV Vamos a brindarles seguridad y mejor calidad de vida a los adultos mayores, con la&#8230;<\/p>\n","protected":false},"author":1,"featured_media":0,"comment_status":"open","ping_status":"open","sticky":false,"template":"","format":"standard","meta":{"footnotes":""},"categories":[1],"tags":[],"class_list":["post-796","post","type-post","status-publish","format-standard","hentry","category-durango"],"_links":{"self":[{"href":"https:\/\/lagumex.mx\/index\/wp-json\/wp\/v2\/posts\/796","targetHints":{"allow":["GET"]}}],"collection":[{"href":"https:\/\/lagumex.mx\/index\/wp-json\/wp\/v2\/posts"}],"about":[{"href":"https:\/\/lagumex.mx\/index\/wp-json\/wp\/v2\/types\/post"}],"author":[{"embeddable":true,"href":"https:\/\/lagumex.mx\/index\/wp-json\/wp\/v2\/users\/1"}],"replies":[{"embeddable":true,"href":"https:\/\/lagumex.mx\/index\/wp-json\/wp\/v2\/comments?post=796"}],"version-history":[{"count":1,"href":"https:\/\/lagumex.mx\/index\/wp-json\/wp\/v2\/posts\/796\/revisions"}],"predecessor-version":[{"id":797,"href":"https:\/\/lagumex.mx\/index\/wp-json\/wp\/v2\/posts\/796\/revisions\/797"}],"wp:attachment":[{"href":"https:\/\/lagumex.mx\/index\/wp-json\/wp\/v2\/media?parent=796"}],"wp:term":[{"taxonomy":"category","embeddable":true,"href":"https:\/\/lagumex.mx\/index\/wp-json\/wp\/v2\/categories?post=796"},{"taxonomy":"post_tag","embeddable":true,"href":"https:\/\/lagumex.mx\/index\/wp-json\/wp\/v2\/tags?post=796"}],"curies":[{"name":"wp","href":"https:\/\/api.w.org\/{rel}","templated":true}]}}