{"id":794,"date":"2023-08-08T02:24:37","date_gmt":"2023-08-08T02:24:37","guid":{"rendered":"http:\/\/lagumex.mx\/index\/?p=794"},"modified":"2023-08-17T02:26:42","modified_gmt":"2023-08-17T02:26:42","slug":"ofertara-gobierno-de-esteban-mil-200-empleos-para-jovenes-duranguenses","status":"publish","type":"post","link":"https:\/\/lagumex.mx\/index\/durango\/ofertara-gobierno-de-esteban-mil-200-empleos-para-jovenes-duranguenses\/","title":{"rendered":"Ofertar\u00e1 Gobierno de Esteban mil 200 empleos para j\u00f3venes duranguenses"},"content":{"rendered":"\n<h2 class=\"wp-block-heading\">Anuncian IDJ y&nbsp; STyPS&nbsp; pr\u00f3ximas \u201cFerias de Empleos para la juventud\u201d en Durango y La Laguna.<\/h2>\n\n\n\n<p>08 de agosto de 2023. En el Gobierno de Esteban Villegas, trabajamos para que el talento joven permanezca en el estado, asegur\u00f3 la titular de la Secretar\u00eda del Trabajo y previsi\u00f3n Social (STyPS), Cindy Gonz\u00e1lez Murillo, al anunciar junto a la directora del Instituto Duranguense de la Juventud (IDJ), Mayte Manzanera Aldana,&nbsp; la realizaci\u00f3n de dos&nbsp; \u201cFerias del Empleo para la juventud\u201d, una en Durango y otra en La Laguna.<\/p>\n\n\n\n<p>\u201cEs importante involucrar a j\u00f3venes en estrategias de desarrollo econ\u00f3mico y oferta laboral, es momento de hacer equipo, y con estas acciones, podemos tener contacto con diversos perfiles duranguenses para generar una cadena de valor entre todos\u201d, dijo la directora del IDJ al detallar que en estos dos eventos de reclutamiento, participar\u00e1n alrededor de 120 empresas y se ofertar\u00e1n mil 200 vacantes.<\/p>\n\n\n\n<p>Inform\u00f3 que la primera de estas ferias, tendr\u00e1 lugar el 22 de agosto en el aula magna del Centro de Convenciones Bicentenario en la capital, posteriormente, el d\u00eda 29, se llevar\u00e1 a cabo la siguiente en la Regi\u00f3n Laguna, en el Centro de Convenciones de la Expo Feria G\u00f3mez Palacio, en un horario de 09:00 a 14:00 horas.<\/p>\n\n\n\n<p>\u201cEsta oportunidad de Ferias de Empleos no solamente es para j\u00f3venes, la invitaci\u00f3n es para todos quienes buscan laborar, adem\u00e1s tratamos que est\u00e1s ferias, no sean lo que en a\u00f1os anteriores, buscamos que tengan un abanico muy amplio para que los profesionistas no piensen que van a ir a encontrar trabajo en una maquiladora como eran los comentarios que anteriormente se hac\u00edan\u201d, mencion\u00f3 Cindy Gonz\u00e1lez, al invitar a los interesados a acercarse para que puedan encontrar una oportunidad.<\/p>\n\n\n\n<p>Agreg\u00f3 que desde hace meses han estado trabajando en diferentes estrategias de vinculaci\u00f3n para j\u00f3venes, pues conocen el panorama y las necesidades de este sector, por ello, en reuniones con las nuevas empresas que est\u00e1n por instalarse en el estado, se han entablado temas reiterativos como la inclusi\u00f3n para los j\u00f3venes y un sueldo digno.<\/p>\n\n\n\n<p>Manzanera Aldana a\u00f1adi\u00f3 que con programas como \u201cTrabajoven\u201d y \u201cYes en Ingl\u00e9s\u201d, se otorgan herramientas a los j\u00f3venes para que tengan m\u00e1s y mejores oportunidades, adem\u00e1s, reiter\u00f3 la invitaci\u00f3n a todos los actores econ\u00f3micos, empleadores, y organizaciones de trabajo a que mantengan de forma activa la inclusi\u00f3n y se siga escuchando la voz de la juventud.<\/p>\n","protected":false},"excerpt":{"rendered":"<p>Anuncian IDJ y&nbsp; STyPS&nbsp; pr\u00f3ximas \u201cFerias de Empleos para la juventud\u201d en Durango y La Laguna. 08 de agosto de 2023. En el Gobierno de Esteban Villegas, trabajamos para que el talento joven permanezca en el estado, asegur\u00f3 la titular de la Secretar\u00eda del Trabajo y previsi\u00f3n Social (STyPS), Cindy Gonz\u00e1lez Murillo, al anunciar junto&#8230;<\/p>\n","protected":false},"author":1,"featured_media":0,"comment_status":"open","ping_status":"open","sticky":false,"template":"","format":"standard","meta":{"footnotes":""},"categories":[1],"tags":[],"class_list":["post-794","post","type-post","status-publish","format-standard","hentry","category-durango"],"_links":{"self":[{"href":"https:\/\/lagumex.mx\/index\/wp-json\/wp\/v2\/posts\/794","targetHints":{"allow":["GET"]}}],"collection":[{"href":"https:\/\/lagumex.mx\/index\/wp-json\/wp\/v2\/posts"}],"about":[{"href":"https:\/\/lagumex.mx\/index\/wp-json\/wp\/v2\/types\/post"}],"author":[{"embeddable":true,"href":"https:\/\/lagumex.mx\/index\/wp-json\/wp\/v2\/users\/1"}],"replies":[{"embeddable":true,"href":"https:\/\/lagumex.mx\/index\/wp-json\/wp\/v2\/comments?post=794"}],"version-history":[{"count":1,"href":"https:\/\/lagumex.mx\/index\/wp-json\/wp\/v2\/posts\/794\/revisions"}],"predecessor-version":[{"id":795,"href":"https:\/\/lagumex.mx\/index\/wp-json\/wp\/v2\/posts\/794\/revisions\/795"}],"wp:attachment":[{"href":"https:\/\/lagumex.mx\/index\/wp-json\/wp\/v2\/media?parent=794"}],"wp:term":[{"taxonomy":"category","embeddable":true,"href":"https:\/\/lagumex.mx\/index\/wp-json\/wp\/v2\/categories?post=794"},{"taxonomy":"post_tag","embeddable":true,"href":"https:\/\/lagumex.mx\/index\/wp-json\/wp\/v2\/tags?post=794"}],"curies":[{"name":"wp","href":"https:\/\/api.w.org\/{rel}","templated":true}]}}