{"id":774,"date":"2023-07-15T18:38:00","date_gmt":"2023-07-15T18:38:00","guid":{"rendered":"http:\/\/lagumex.mx\/index\/?p=774"},"modified":"2023-08-01T18:39:29","modified_gmt":"2023-08-01T18:39:29","slug":"regresara-la-cabalgata","status":"publish","type":"post","link":"https:\/\/lagumex.mx\/index\/durango\/regresara-la-cabalgata\/","title":{"rendered":"Regresara la cabalgata"},"content":{"rendered":"\n<p>15 de julio de 2023. Un d\u00eda de diversi\u00f3n y tradici\u00f3n pasaran cientos de duranguenses y amantes del mundo ecuestre con el regreso de la tradicional cabalgata \u201cGeneral Francisco Villa\u201d, donde participaran m\u00e1s de 3 mil jinetes, encabezada por el gobernador Esteban Villegas Villarreal, como parte de las festividades de la Feria y en el marco del 460 Aniversario de la ciudad de Durango.<\/p>\n","protected":false},"excerpt":{"rendered":"<p>15 de julio de 2023. Un d\u00eda de diversi\u00f3n y tradici\u00f3n pasaran cientos de duranguenses y amantes del mundo ecuestre con el regreso de la tradicional cabalgata \u201cGeneral Francisco Villa\u201d, donde participaran m\u00e1s de 3 mil jinetes, encabezada por el gobernador Esteban Villegas Villarreal, como parte de las festividades de la Feria y en el&#8230;<\/p>\n","protected":false},"author":1,"featured_media":0,"comment_status":"open","ping_status":"open","sticky":false,"template":"","format":"standard","meta":{"footnotes":""},"categories":[1],"tags":[],"class_list":["post-774","post","type-post","status-publish","format-standard","hentry","category-durango"],"_links":{"self":[{"href":"https:\/\/lagumex.mx\/index\/wp-json\/wp\/v2\/posts\/774","targetHints":{"allow":["GET"]}}],"collection":[{"href":"https:\/\/lagumex.mx\/index\/wp-json\/wp\/v2\/posts"}],"about":[{"href":"https:\/\/lagumex.mx\/index\/wp-json\/wp\/v2\/types\/post"}],"author":[{"embeddable":true,"href":"https:\/\/lagumex.mx\/index\/wp-json\/wp\/v2\/users\/1"}],"replies":[{"embeddable":true,"href":"https:\/\/lagumex.mx\/index\/wp-json\/wp\/v2\/comments?post=774"}],"version-history":[{"count":1,"href":"https:\/\/lagumex.mx\/index\/wp-json\/wp\/v2\/posts\/774\/revisions"}],"predecessor-version":[{"id":775,"href":"https:\/\/lagumex.mx\/index\/wp-json\/wp\/v2\/posts\/774\/revisions\/775"}],"wp:attachment":[{"href":"https:\/\/lagumex.mx\/index\/wp-json\/wp\/v2\/media?parent=774"}],"wp:term":[{"taxonomy":"category","embeddable":true,"href":"https:\/\/lagumex.mx\/index\/wp-json\/wp\/v2\/categories?post=774"},{"taxonomy":"post_tag","embeddable":true,"href":"https:\/\/lagumex.mx\/index\/wp-json\/wp\/v2\/tags?post=774"}],"curies":[{"name":"wp","href":"https:\/\/api.w.org\/{rel}","templated":true}]}}