{"id":754,"date":"2023-07-31T16:48:00","date_gmt":"2023-07-31T16:48:00","guid":{"rendered":"http:\/\/lagumex.mx\/index\/?p=754"},"modified":"2023-08-01T16:49:21","modified_gmt":"2023-08-01T16:49:21","slug":"finaliza-periodo-vacacional-en-el-ayuntamiento-de-lerdo","status":"publish","type":"post","link":"https:\/\/lagumex.mx\/index\/lerdo\/finaliza-periodo-vacacional-en-el-ayuntamiento-de-lerdo\/","title":{"rendered":"Finaliza per\u00edodo vacacional en el Ayuntamiento de Lerdo"},"content":{"rendered":"\n<h2 class=\"wp-block-heading\">Todo el personal regresa este martes primero de agosto<\/h2>\n\n\n\n<p>31 de julio de 2023. A partir de este martes primero de agosto, el personal de la Presidencia Municipal de Lerdo laborara de manera normal, en un horario de 8:00 de la ma\u00f1ana a 4:00 de la tarde, de acuerdo a lo informado por el departamento de Recursos Humanos.<\/p>\n\n\n\n<p>Luego de que el periodo vacacional concluyera este lunes 31 de julio, el particular de las \u00e1reas administrativas del Ayuntamiento se reintegrar\u00e1 a sus funciones, en la Presidencia Municipal, en la Unidad Administrativa de San Isidro, el Sistema para el Desarrollo Integral de la Familia y el SAPAL.<\/p>\n\n\n\n<p>Protecci\u00f3n Civil contabiliza seis personas ahogadas durante primer semestre de 2023<\/p>\n\n\n\n<p>Cabe se\u00f1alar que durante las dos semanas de descanso se cont\u00f3 con guardias en las diferentes direcciones y las \u00e1reas operativas se mantuvieron activas, a fin de proteger a la ciudadan\u00eda y velar por sus intereses.<\/p>\n\n\n\n<p>Se invita a la ciudadan\u00eda para acercarse a realizar sus diligencias de lunes a viernes en un horario de 8:00 a 16:00 horas, y los s\u00e1bados de 9:00 a 13:00 horas, \u00fanicamente cajas y predial en Presidencia Municipal, Prevenci\u00f3n Social en la Unidad Administrativa de la colonia San Isidro, y oficinas del SAPAL.<\/p>\n\n\n\n<p>En ese sentido, tambi\u00e9n se indic\u00f3 que este jueves 3 de agosto tambi\u00e9n se reanudar\u00e1n las sesiones ordinarias de Cabildo, en virtud de que tambi\u00e9n los regidores regresan del periodo vacacional de verano.<\/p>\n\n\n\n<p>Cabe recordar, que el periodo vacacional autorizado por el m\u00e1ximo \u00d3rgano Colegiado del Cabildo autorizaron el periodo vacacional a partir del 18 al 31 de julio,\u2019de ah\u00ed que todos, incluyendo el alcalde Homero Mart\u00ednez, funcionarios y regidores deber\u00e1n de reportarse a trabajar a partir de ma\u00f1ana.<\/p>\n\n\n\n<p>Finalmente, se inform\u00f3 que tambi\u00e9n las actividades se normalizar\u00e1n el el sistema del Desarrollo Integral de la Familia (DIF) de Lerdo, de ah\u00ed que se le hace un llamado a la sociedad para acudir a realizar sus pendientes y actividades.<\/p>\n","protected":false},"excerpt":{"rendered":"<p>Todo el personal regresa este martes primero de agosto 31 de julio de 2023. A partir de este martes primero de agosto, el personal de la Presidencia Municipal de Lerdo laborara de manera normal, en un horario de 8:00 de la ma\u00f1ana a 4:00 de la tarde, de acuerdo a lo informado por el departamento&#8230;<\/p>\n","protected":false},"author":1,"featured_media":0,"comment_status":"open","ping_status":"open","sticky":false,"template":"","format":"standard","meta":{"footnotes":""},"categories":[3],"tags":[],"class_list":["post-754","post","type-post","status-publish","format-standard","hentry","category-lerdo"],"_links":{"self":[{"href":"https:\/\/lagumex.mx\/index\/wp-json\/wp\/v2\/posts\/754","targetHints":{"allow":["GET"]}}],"collection":[{"href":"https:\/\/lagumex.mx\/index\/wp-json\/wp\/v2\/posts"}],"about":[{"href":"https:\/\/lagumex.mx\/index\/wp-json\/wp\/v2\/types\/post"}],"author":[{"embeddable":true,"href":"https:\/\/lagumex.mx\/index\/wp-json\/wp\/v2\/users\/1"}],"replies":[{"embeddable":true,"href":"https:\/\/lagumex.mx\/index\/wp-json\/wp\/v2\/comments?post=754"}],"version-history":[{"count":1,"href":"https:\/\/lagumex.mx\/index\/wp-json\/wp\/v2\/posts\/754\/revisions"}],"predecessor-version":[{"id":755,"href":"https:\/\/lagumex.mx\/index\/wp-json\/wp\/v2\/posts\/754\/revisions\/755"}],"wp:attachment":[{"href":"https:\/\/lagumex.mx\/index\/wp-json\/wp\/v2\/media?parent=754"}],"wp:term":[{"taxonomy":"category","embeddable":true,"href":"https:\/\/lagumex.mx\/index\/wp-json\/wp\/v2\/categories?post=754"},{"taxonomy":"post_tag","embeddable":true,"href":"https:\/\/lagumex.mx\/index\/wp-json\/wp\/v2\/tags?post=754"}],"curies":[{"name":"wp","href":"https:\/\/api.w.org\/{rel}","templated":true}]}}