{"id":751,"date":"2023-08-01T04:46:00","date_gmt":"2023-08-01T04:46:00","guid":{"rendered":"http:\/\/lagumex.mx\/index\/?p=751"},"modified":"2023-08-01T16:48:13","modified_gmt":"2023-08-01T16:48:13","slug":"solo-los-dias-lunes-se-incrementa-la-recoleccion-de-basura-en-lerdo","status":"publish","type":"post","link":"https:\/\/lagumex.mx\/index\/lerdo\/solo-los-dias-lunes-se-incrementa-la-recoleccion-de-basura-en-lerdo\/","title":{"rendered":"S\u00f3lo los d\u00edas lunes se incrementa la recolecci\u00f3n de basura en Lerdo"},"content":{"rendered":"\n<h2 class=\"wp-block-heading\">Se llegan a recolectar hasta 105 toneladas de basura, mientras que los d\u00edas restantes entre 90 y 95<\/h2>\n\n\n\n<p>01 de agosto de 2023. &nbsp;A unas semanas de iniciar el periodo vacacional de verano, el titular de Servicios P\u00fablicos, Javier Urriticochea Ortiz inform\u00f3 que s\u00f3lo los d\u00edas lunes se tiene un incremento en la recolecci\u00f3n de basura que llegan hasta las 105 toneladas, mientras que el resto de los d\u00edas se recaban entre 90 y 95<\/p>\n\n\n\n<p>De esta manera lo declar\u00f3 tras ser cuestionado sobre el particular, por lo que a\u00f1adi\u00f3 que a\u00fan y cuando ahora los menores y j\u00f3venes est\u00e1n en sus casas disfrutando sus vacaciones; la generaci\u00f3n de basura solo aumenta los d\u00edas lunes de cada semana.<\/p>\n\n\n\n<p>Aunado a lo anterior, el funcionario precis\u00f3 que el servicio se brinda tanto en el medio urbano como rural, por medio de 25 rutas bien estructuradas, a fin de poder recolectar toda la basura que se coloca en equinos y puntos establecidos en Lerdo.<\/p>\n\n\n\n<p>Enseguida, Urriticochea Ortiz dijo que ahora los 25 camiones cuentan con los aparatos GPS para brindar un mejor servicio, toda vez que desde el centro de c\u00f3mputo que est\u00e1 instalado en los propis dependencia, se puede observar los recorridos de cada cami\u00f3n.<\/p>\n\n\n\n<p>\u201cAhora ya no hay excusa de que no pasa el cami\u00f3n por los puntos establecidos, en virtud de que se puede observar calle por calle y avenida por avenida de cada uno de los 25 camiones que brindan el servicio\u201d, explic\u00f3.<\/p>\n\n\n\n<p>Finalmente, destac\u00f3 el trabajo e impulso del alcalde Homero Mart\u00ednez a este servicio, a fin de que la ciudadan\u00eda lo reciba de la mejor manera; por lo que se les recomienda respetar los puntos y horarios establecidos para sacar sus bolsas de basura.<\/p>\n","protected":false},"excerpt":{"rendered":"<p>Se llegan a recolectar hasta 105 toneladas de basura, mientras que los d\u00edas restantes entre 90 y 95 01 de agosto de 2023. &nbsp;A unas semanas de iniciar el periodo vacacional de verano, el titular de Servicios P\u00fablicos, Javier Urriticochea Ortiz inform\u00f3 que s\u00f3lo los d\u00edas lunes se tiene un incremento en la recolecci\u00f3n de&#8230;<\/p>\n","protected":false},"author":1,"featured_media":752,"comment_status":"open","ping_status":"open","sticky":false,"template":"","format":"standard","meta":{"footnotes":""},"categories":[3],"tags":[],"class_list":["post-751","post","type-post","status-publish","format-standard","has-post-thumbnail","hentry","category-lerdo"],"_links":{"self":[{"href":"https:\/\/lagumex.mx\/index\/wp-json\/wp\/v2\/posts\/751","targetHints":{"allow":["GET"]}}],"collection":[{"href":"https:\/\/lagumex.mx\/index\/wp-json\/wp\/v2\/posts"}],"about":[{"href":"https:\/\/lagumex.mx\/index\/wp-json\/wp\/v2\/types\/post"}],"author":[{"embeddable":true,"href":"https:\/\/lagumex.mx\/index\/wp-json\/wp\/v2\/users\/1"}],"replies":[{"embeddable":true,"href":"https:\/\/lagumex.mx\/index\/wp-json\/wp\/v2\/comments?post=751"}],"version-history":[{"count":1,"href":"https:\/\/lagumex.mx\/index\/wp-json\/wp\/v2\/posts\/751\/revisions"}],"predecessor-version":[{"id":753,"href":"https:\/\/lagumex.mx\/index\/wp-json\/wp\/v2\/posts\/751\/revisions\/753"}],"wp:featuredmedia":[{"embeddable":true,"href":"https:\/\/lagumex.mx\/index\/wp-json\/wp\/v2\/media\/752"}],"wp:attachment":[{"href":"https:\/\/lagumex.mx\/index\/wp-json\/wp\/v2\/media?parent=751"}],"wp:term":[{"taxonomy":"category","embeddable":true,"href":"https:\/\/lagumex.mx\/index\/wp-json\/wp\/v2\/categories?post=751"},{"taxonomy":"post_tag","embeddable":true,"href":"https:\/\/lagumex.mx\/index\/wp-json\/wp\/v2\/tags?post=751"}],"curies":[{"name":"wp","href":"https:\/\/api.w.org\/{rel}","templated":true}]}}