{"id":732,"date":"2023-07-21T16:14:45","date_gmt":"2023-07-21T16:14:45","guid":{"rendered":"http:\/\/lagumex.mx\/index\/?p=732"},"modified":"2023-07-30T16:15:36","modified_gmt":"2023-07-30T16:15:36","slug":"reanudan-entrega-de-apoyos-alimenticios-en-lerdo","status":"publish","type":"post","link":"https:\/\/lagumex.mx\/index\/lerdo\/reanudan-entrega-de-apoyos-alimenticios-en-lerdo\/","title":{"rendered":"Reanudan entrega de apoyos alimenticios en Lerdo"},"content":{"rendered":"\n<h2 class=\"wp-block-heading\">Agradecen al gobernador Esteban Villegas y a su esposa Marisol Rosso, presidenta del DIF estatal<\/h2>\n\n\n\n<p>21 de julio de 2023.En un emotivo evento celebrado en el Domo del Parque Victoria, el alcalde Homero Mart\u00ednez y la diputada Susy Torrecillas encabezaron la reanudaci\u00f3n de la entrega de 6 mil apoyos alimenticios por parte del DIF (Sistema para el Desarrollo Integral de la Familia) a los habitantes del \u00e1rea rural y urbana del Municipio.<\/p>\n\n\n\n<p>El presidente municipal expres\u00f3 su agradecimiento al gobernador del estado, Esteban Villegas, y a su esposa Marisol Rosso, por el esfuerzo conjunto que ha permitido retomar este programa de apoyo a la ciudadan\u00eda que m\u00e1s lo necesita, pues dijo que de esta manera se atender\u00e1 a todas y cada una de las familias en el padr\u00f3n actual.<\/p>\n","protected":false},"excerpt":{"rendered":"<p>Agradecen al gobernador Esteban Villegas y a su esposa Marisol Rosso, presidenta del DIF estatal 21 de julio de 2023.En un emotivo evento celebrado en el Domo del Parque Victoria, el alcalde Homero Mart\u00ednez y la diputada Susy Torrecillas encabezaron la reanudaci\u00f3n de la entrega de 6 mil apoyos alimenticios por parte del DIF (Sistema&#8230;<\/p>\n","protected":false},"author":1,"featured_media":0,"comment_status":"open","ping_status":"open","sticky":false,"template":"","format":"standard","meta":{"footnotes":""},"categories":[3],"tags":[],"class_list":["post-732","post","type-post","status-publish","format-standard","hentry","category-lerdo"],"_links":{"self":[{"href":"https:\/\/lagumex.mx\/index\/wp-json\/wp\/v2\/posts\/732","targetHints":{"allow":["GET"]}}],"collection":[{"href":"https:\/\/lagumex.mx\/index\/wp-json\/wp\/v2\/posts"}],"about":[{"href":"https:\/\/lagumex.mx\/index\/wp-json\/wp\/v2\/types\/post"}],"author":[{"embeddable":true,"href":"https:\/\/lagumex.mx\/index\/wp-json\/wp\/v2\/users\/1"}],"replies":[{"embeddable":true,"href":"https:\/\/lagumex.mx\/index\/wp-json\/wp\/v2\/comments?post=732"}],"version-history":[{"count":1,"href":"https:\/\/lagumex.mx\/index\/wp-json\/wp\/v2\/posts\/732\/revisions"}],"predecessor-version":[{"id":733,"href":"https:\/\/lagumex.mx\/index\/wp-json\/wp\/v2\/posts\/732\/revisions\/733"}],"wp:attachment":[{"href":"https:\/\/lagumex.mx\/index\/wp-json\/wp\/v2\/media?parent=732"}],"wp:term":[{"taxonomy":"category","embeddable":true,"href":"https:\/\/lagumex.mx\/index\/wp-json\/wp\/v2\/categories?post=732"},{"taxonomy":"post_tag","embeddable":true,"href":"https:\/\/lagumex.mx\/index\/wp-json\/wp\/v2\/tags?post=732"}],"curies":[{"name":"wp","href":"https:\/\/api.w.org\/{rel}","templated":true}]}}