{"id":726,"date":"2023-07-24T16:11:01","date_gmt":"2023-07-24T16:11:01","guid":{"rendered":"http:\/\/lagumex.mx\/index\/?p=726"},"modified":"2023-07-30T16:12:02","modified_gmt":"2023-07-30T16:12:02","slug":"proteccion-civil-impartio-curso-a-docentes-de-villa-nazareno","status":"publish","type":"post","link":"https:\/\/lagumex.mx\/index\/lerdo\/proteccion-civil-impartio-curso-a-docentes-de-villa-nazareno\/","title":{"rendered":"Protecci\u00f3n Civil imparti\u00f3 curso a docentes de Villa Nazareno"},"content":{"rendered":"\n<h2 class=\"wp-block-heading\">El tema de dicha capacitaci\u00f3n fue en relaci\u00f3n a los primeros auxilios<\/h2>\n\n\n\n<p>24 de julio de 2023. En un esfuerzo por continuar fortaleciendo la preparaci\u00f3n y seguridad en las escuelas del municipio, la Coordinaci\u00f3n de Protecci\u00f3n Civil y Bomberos de Lerdo llev\u00f3 a cabo un taller de primeros auxilios dirigido a docentes de las secciones 59 y 137 del sector de Nazareno.<\/p>\n\n\n\n<p>Al respecto, Isabel Mac\u00edas Sifuentes, coordinadora de Protecci\u00f3n Civil y Bomberos en Lerdo, expres\u00f3 su satisfacci\u00f3n por la participaci\u00f3n activa de los maestros y el inter\u00e9s demostrado en aprender sobre primeros auxilios.<\/p>\n\n\n\n<p>La iniciativa de impartir este curso surgi\u00f3 a ra\u00edz de una solicitud realizada por los sectores educativos mencionados, quienes expresaron su inter\u00e9s en obtener conocimientos en primeros auxilios despu\u00e9s de presenciar la exitosa implementaci\u00f3n de otros talleres, incluyendo el programa \u00abMini Guardianes de la Prevenci\u00f3n\u00bb.<\/p>\n\n\n\n<p>El equipo de expertos de Protecci\u00f3n Civil y Bomberos se encarg\u00f3 de impartir los contenidos relacionados con primeros auxilios b\u00e1sicos, abordando temas fundamentales como la atenci\u00f3n a fracturas, hemorragias, lesiones, desmayos y deshidrataci\u00f3n, entre otros aspectos cruciales para brindar una respuesta adecuada y oportuna en situaciones de emergencia.<\/p>\n\n\n\n<p>La capacitaci\u00f3n en primeros auxilios es una herramienta esencial para que los docentes puedan actuar de manera efectiva en caso de que se presente alg\u00fan incidente o accidente en las instalaciones escolares o en su entorno cercano. Adem\u00e1s de proporcionarles las habilidades necesarias para brindar ayuda inmediata, tambi\u00e9n contribuye a crear un entorno m\u00e1s seguro y preparado para estudiantes y personal educativo por igual.<\/p>\n","protected":false},"excerpt":{"rendered":"<p>El tema de dicha capacitaci\u00f3n fue en relaci\u00f3n a los primeros auxilios 24 de julio de 2023. En un esfuerzo por continuar fortaleciendo la preparaci\u00f3n y seguridad en las escuelas del municipio, la Coordinaci\u00f3n de Protecci\u00f3n Civil y Bomberos de Lerdo llev\u00f3 a cabo un taller de primeros auxilios dirigido a docentes de las secciones&#8230;<\/p>\n","protected":false},"author":1,"featured_media":0,"comment_status":"open","ping_status":"open","sticky":false,"template":"","format":"standard","meta":{"footnotes":""},"categories":[3],"tags":[],"class_list":["post-726","post","type-post","status-publish","format-standard","hentry","category-lerdo"],"_links":{"self":[{"href":"https:\/\/lagumex.mx\/index\/wp-json\/wp\/v2\/posts\/726","targetHints":{"allow":["GET"]}}],"collection":[{"href":"https:\/\/lagumex.mx\/index\/wp-json\/wp\/v2\/posts"}],"about":[{"href":"https:\/\/lagumex.mx\/index\/wp-json\/wp\/v2\/types\/post"}],"author":[{"embeddable":true,"href":"https:\/\/lagumex.mx\/index\/wp-json\/wp\/v2\/users\/1"}],"replies":[{"embeddable":true,"href":"https:\/\/lagumex.mx\/index\/wp-json\/wp\/v2\/comments?post=726"}],"version-history":[{"count":1,"href":"https:\/\/lagumex.mx\/index\/wp-json\/wp\/v2\/posts\/726\/revisions"}],"predecessor-version":[{"id":727,"href":"https:\/\/lagumex.mx\/index\/wp-json\/wp\/v2\/posts\/726\/revisions\/727"}],"wp:attachment":[{"href":"https:\/\/lagumex.mx\/index\/wp-json\/wp\/v2\/media?parent=726"}],"wp:term":[{"taxonomy":"category","embeddable":true,"href":"https:\/\/lagumex.mx\/index\/wp-json\/wp\/v2\/categories?post=726"},{"taxonomy":"post_tag","embeddable":true,"href":"https:\/\/lagumex.mx\/index\/wp-json\/wp\/v2\/tags?post=726"}],"curies":[{"name":"wp","href":"https:\/\/api.w.org\/{rel}","templated":true}]}}