{"id":724,"date":"2023-07-25T16:08:37","date_gmt":"2023-07-25T16:08:37","guid":{"rendered":"http:\/\/lagumex.mx\/index\/?p=724"},"modified":"2023-07-30T16:10:59","modified_gmt":"2023-07-30T16:10:59","slug":"sapal-presentara-ante-conagua-proyecto-de-conduccion-de-agua-potable","status":"publish","type":"post","link":"https:\/\/lagumex.mx\/index\/lerdo\/sapal-presentara-ante-conagua-proyecto-de-conduccion-de-agua-potable\/","title":{"rendered":"SAPAL presentar\u00e1 ante CONAGUA proyecto de conducci\u00f3n de agua potable"},"content":{"rendered":"\n<h2 class=\"wp-block-heading\">El proyecto consiste en una l\u00ednea troncal de agua potable del \u00e1rea de San Fernando a la villa de Ciudad Ju\u00e1rez<\/h2>\n\n\n\n<p>25 de julio de 2023. El Sistema de Agua Potable y Alcantarillado de Lerdo (SAPAL), presentar\u00e1 al organismo de Cuencas Centrales del Norte (OCCN) de la CONAGUA un proyecto para instalar una l\u00ednea troncal de conducci\u00f3n de agua potable que ir\u00e1 desde San Fernando a la villa de Ciudad Ju\u00e1rez, Durango, con una inversi\u00f3n superior a 22 millones de pesos.<\/p>\n\n\n\n<p>De esta manera lo inform\u00f3 Ignacio Ram\u00edrez Ontiveros, director de dicho organismo operador, quien a\u00f1adi\u00f3 que esta obra no est\u00e1 considerada en las l\u00edneas principales del programa Agua Saludable para La Laguna, pero es necesaria para formar un anillo perif\u00e9rico de conducci\u00f3n en la zona urbana del agua que se traer\u00e1 de la presa \u2018Francisco Zarco\u2019 y con ello enviarla a las l\u00edneas secundarias.<\/p>\n\n\n\n<p>Enseguida Ram\u00edrez Ontiveros dijo que se tiene plena confianza en que la CONAGUA apruebe este proyecto por el n\u00famero de beneficiarios que se tendr\u00e1n con esta obra.<\/p>\n\n\n\n<p>A pregunta expresa el funcionario coment\u00f3 que la villa de Ciudad Ju\u00e1rez cuenta con m\u00e1s de 17 mil habitantes; lo que el proyecto es muy factible por la demanda de agua potable que exigen.<\/p>\n\n\n\n<p>Por tal motivo, menci\u00f3n que el alcalde Homero Mart\u00ednez ya realiza gestiones antes directivos nacionales y regionales para que a Lerdo se le apruebe este proyecto que contempla una inversi\u00f3n de m\u00e1s de 22 millones de pesos.<\/p>\n\n\n\n<p>Finalmente Ram\u00edrez Ontiveros dijo que hoy en d\u00eda Lerdo es uno de los municipios de la Comarca Lagunera que cuenta con una buena reserva en agua potable; pero consider\u00f3 de importante que la CONAGUA les favorezca con esta demanda.<\/p>\n","protected":false},"excerpt":{"rendered":"<p>El proyecto consiste en una l\u00ednea troncal de agua potable del \u00e1rea de San Fernando a la villa de Ciudad Ju\u00e1rez 25 de julio de 2023. El Sistema de Agua Potable y Alcantarillado de Lerdo (SAPAL), presentar\u00e1 al organismo de Cuencas Centrales del Norte (OCCN) de la CONAGUA un proyecto para instalar una l\u00ednea troncal&#8230;<\/p>\n","protected":false},"author":1,"featured_media":0,"comment_status":"open","ping_status":"open","sticky":false,"template":"","format":"standard","meta":{"footnotes":""},"categories":[3],"tags":[],"class_list":["post-724","post","type-post","status-publish","format-standard","hentry","category-lerdo"],"_links":{"self":[{"href":"https:\/\/lagumex.mx\/index\/wp-json\/wp\/v2\/posts\/724","targetHints":{"allow":["GET"]}}],"collection":[{"href":"https:\/\/lagumex.mx\/index\/wp-json\/wp\/v2\/posts"}],"about":[{"href":"https:\/\/lagumex.mx\/index\/wp-json\/wp\/v2\/types\/post"}],"author":[{"embeddable":true,"href":"https:\/\/lagumex.mx\/index\/wp-json\/wp\/v2\/users\/1"}],"replies":[{"embeddable":true,"href":"https:\/\/lagumex.mx\/index\/wp-json\/wp\/v2\/comments?post=724"}],"version-history":[{"count":1,"href":"https:\/\/lagumex.mx\/index\/wp-json\/wp\/v2\/posts\/724\/revisions"}],"predecessor-version":[{"id":725,"href":"https:\/\/lagumex.mx\/index\/wp-json\/wp\/v2\/posts\/724\/revisions\/725"}],"wp:attachment":[{"href":"https:\/\/lagumex.mx\/index\/wp-json\/wp\/v2\/media?parent=724"}],"wp:term":[{"taxonomy":"category","embeddable":true,"href":"https:\/\/lagumex.mx\/index\/wp-json\/wp\/v2\/categories?post=724"},{"taxonomy":"post_tag","embeddable":true,"href":"https:\/\/lagumex.mx\/index\/wp-json\/wp\/v2\/tags?post=724"}],"curies":[{"name":"wp","href":"https:\/\/api.w.org\/{rel}","templated":true}]}}