{"id":722,"date":"2023-07-26T16:07:33","date_gmt":"2023-07-26T16:07:33","guid":{"rendered":"http:\/\/lagumex.mx\/index\/?p=722"},"modified":"2023-07-30T16:08:36","modified_gmt":"2023-07-30T16:08:36","slug":"rehabilitan-alumbrado-publico-en-parque-las-auras","status":"publish","type":"post","link":"https:\/\/lagumex.mx\/index\/lerdo\/rehabilitan-alumbrado-publico-en-parque-las-auras\/","title":{"rendered":"Rehabilitan alumbrado p\u00fablico en parque Las Auras"},"content":{"rendered":"\n<h2 class=\"wp-block-heading\">Contin\u00faan las mejoras de este importante centro de esparcimiento y acondicionamiento f\u00edsico<\/h2>\n\n\n\n<p>26 de julio de 2023.Atendiendo el compromiso de la actual administraci\u00f3n p\u00fablica que dirige el Presidente Municipal Homero Mart\u00ednez Cabrera, la direcci\u00f3n de Servicios P\u00fablicos, por medio del departamento de Alumbrado P\u00fablico, dio continuidad a los trabajos de interconexi\u00f3n y reposici\u00f3n de luminarias en el parque Vivero Forestal Lerdo \u201cLas Auras\u201d, para brindar espacios dignos y adecuados a la ciudadan\u00eda y as\u00ed fortalecer el tejido social.<\/p>\n\n\n\n<p>Fue el pasado mes cuando el alcalde de Lerdo Homero Mart\u00ednez, anunci\u00f3 una serie de rehabilitaciones para este emblem\u00e1tico parque de m\u00e1s de 10 hect\u00e1reas, con una inversi\u00f3n superior al mill\u00f3n y medio, que consta del retiro de \u00e1rboles secos, reforestaci\u00f3n, instalaci\u00f3n de bancas, cestos de basura, bebederos, pintura, reposici\u00f3n de herrer\u00eda, instalaci\u00f3n el\u00e9ctrica para mejorar el sistema de riego y rehabilitaci\u00f3n de luminarias.<\/p>\n\n\n\n<p>Al respecto, Raymundo Rodr\u00edguez, encargado del departamento de Alumbrado P\u00fablico, se\u00f1al\u00f3 que actualmente este \u201cpulm\u00f3n\u201d de ox\u00edgeno se encuentra en excelentes condiciones para recibir a la ciudadan\u00eda y visitantes que acuden a realizar alguna actividad f\u00edsica o de esparcimiento, y garantizar su seguridad.<\/p>\n\n\n\n<p>Asimismo, a trav\u00e9s del programa \u201cIluminemos Lerdo\u201d, se realizaron trabajos de mantenimiento de alumbrado e instalaci\u00f3n de luminarias LED en los fraccionamientos Las Am\u00e9ricas, Carmen Carr\u00f3n, las colonias San Isidro, Cerro de la Cruz, zona centro, Villa Nazareno, Ciudad Ju\u00e1rez y en la plaza principal.<\/p>\n\n\n\n<p>\u201cEs un compromiso del alcalde Homero Mart\u00ednez de mejorar los servicios p\u00fablicos, as\u00ed como las condiciones de plazas, \u00e1reas verdes y centros de esparcimiento co. Que cuenta Lerdo, de ah\u00ed que hoy en d\u00eda el alumbrado p\u00fablico al interior y exterior del parque Las Auras se encuentra al cien por ciento\u201d, subray\u00f3 el funcionario.<\/p>\n","protected":false},"excerpt":{"rendered":"<p>Contin\u00faan las mejoras de este importante centro de esparcimiento y acondicionamiento f\u00edsico 26 de julio de 2023.Atendiendo el compromiso de la actual administraci\u00f3n p\u00fablica que dirige el Presidente Municipal Homero Mart\u00ednez Cabrera, la direcci\u00f3n de Servicios P\u00fablicos, por medio del departamento de Alumbrado P\u00fablico, dio continuidad a los trabajos de interconexi\u00f3n y reposici\u00f3n de luminarias&#8230;<\/p>\n","protected":false},"author":1,"featured_media":0,"comment_status":"open","ping_status":"open","sticky":false,"template":"","format":"standard","meta":{"footnotes":""},"categories":[3],"tags":[],"class_list":["post-722","post","type-post","status-publish","format-standard","hentry","category-lerdo"],"_links":{"self":[{"href":"https:\/\/lagumex.mx\/index\/wp-json\/wp\/v2\/posts\/722","targetHints":{"allow":["GET"]}}],"collection":[{"href":"https:\/\/lagumex.mx\/index\/wp-json\/wp\/v2\/posts"}],"about":[{"href":"https:\/\/lagumex.mx\/index\/wp-json\/wp\/v2\/types\/post"}],"author":[{"embeddable":true,"href":"https:\/\/lagumex.mx\/index\/wp-json\/wp\/v2\/users\/1"}],"replies":[{"embeddable":true,"href":"https:\/\/lagumex.mx\/index\/wp-json\/wp\/v2\/comments?post=722"}],"version-history":[{"count":1,"href":"https:\/\/lagumex.mx\/index\/wp-json\/wp\/v2\/posts\/722\/revisions"}],"predecessor-version":[{"id":723,"href":"https:\/\/lagumex.mx\/index\/wp-json\/wp\/v2\/posts\/722\/revisions\/723"}],"wp:attachment":[{"href":"https:\/\/lagumex.mx\/index\/wp-json\/wp\/v2\/media?parent=722"}],"wp:term":[{"taxonomy":"category","embeddable":true,"href":"https:\/\/lagumex.mx\/index\/wp-json\/wp\/v2\/categories?post=722"},{"taxonomy":"post_tag","embeddable":true,"href":"https:\/\/lagumex.mx\/index\/wp-json\/wp\/v2\/tags?post=722"}],"curies":[{"name":"wp","href":"https:\/\/api.w.org\/{rel}","templated":true}]}}