{"id":718,"date":"2023-07-28T16:05:31","date_gmt":"2023-07-28T16:05:31","guid":{"rendered":"http:\/\/lagumex.mx\/index\/?p=718"},"modified":"2023-07-30T16:06:33","modified_gmt":"2023-07-30T16:06:33","slug":"el-parque-las-auras-recibira-agua-tratada-por-la-empresa-lala","status":"publish","type":"post","link":"https:\/\/lagumex.mx\/index\/lerdo\/el-parque-las-auras-recibira-agua-tratada-por-la-empresa-lala\/","title":{"rendered":"El parque Las Auras recibir\u00e1 agua tratada por la empresa Lala"},"content":{"rendered":"\n<h2 class=\"wp-block-heading\">Al concluir el ciclo de riego agr\u00edcola 2023, se aprovech\u00f3 al m\u00e1ximo los vol\u00famenes de agua rodada<\/h2>\n\n\n\n<p>28 de julio de 2023. Tras mencionar que se aprovecharon al m\u00e1ximo los vol\u00famenes de agua rodada para el riego del Parque Las Auras, el titular de la Direcci\u00f3n de Medio Ambiente y Ecolog\u00eda en Lerdo, Ricardo D\u00edaz Segovia inform\u00f3 que ahora se utilizar\u00e1 agua tratada para el mantenimiento.<\/p>\n\n\n\n<p>Lo anterior lo declar\u00f3 tras ser cuestionado sobre el particular, por lo que a\u00f1adi\u00f3 que el agua tratada es donada por la empresa Lala, a fin de colaborar con la conservaci\u00f3n del medio ambiente.<\/p>\n\n\n\n<p>En ese sentido, se\u00f1al\u00f3 que de acuerdo a la Comisi\u00f3n Nacional del Agua, el cierre de las compuertas de las presas regionales ser\u00e1 este viernes 28 de julio, de ah\u00ed que ya no se tendr\u00e1 el agua rodada para el riego del parque Las Auras, el cual aprovech\u00f3 de gran manera los nutrientes del vital l\u00edquido.<\/p>\n\n\n\n<p>A pregunta expresa el funcionario coment\u00f3 que el parque Las Auras cuenta con poco m\u00e1s de cinco mil \u00e1rboles en una superficie de casi doce hect\u00e1reas; incluso mencion\u00f3 que en recientes fechas se inici\u00f3 un programa de retiro de 49 \u00e1rboles secos y de gran tama\u00f1o; y al mismo tiempo se llev\u00f3 a cabo la reforestaci\u00f3n de 180 \u00e1rboles.<\/p>\n\n\n\n<p>Finalmente, D\u00edaz Segovia a\u00f1adi\u00f3 que con el agua tratada que se recibe de la empresa Lala, tambi\u00e9n se utiliza y destina para regar las \u00e1reas verdes del Parque Nacional Raymundo.<\/p>\n","protected":false},"excerpt":{"rendered":"<p>Al concluir el ciclo de riego agr\u00edcola 2023, se aprovech\u00f3 al m\u00e1ximo los vol\u00famenes de agua rodada 28 de julio de 2023. Tras mencionar que se aprovecharon al m\u00e1ximo los vol\u00famenes de agua rodada para el riego del Parque Las Auras, el titular de la Direcci\u00f3n de Medio Ambiente y Ecolog\u00eda en Lerdo, Ricardo D\u00edaz&#8230;<\/p>\n","protected":false},"author":1,"featured_media":0,"comment_status":"open","ping_status":"open","sticky":false,"template":"","format":"standard","meta":{"footnotes":""},"categories":[3],"tags":[],"class_list":["post-718","post","type-post","status-publish","format-standard","hentry","category-lerdo"],"_links":{"self":[{"href":"https:\/\/lagumex.mx\/index\/wp-json\/wp\/v2\/posts\/718","targetHints":{"allow":["GET"]}}],"collection":[{"href":"https:\/\/lagumex.mx\/index\/wp-json\/wp\/v2\/posts"}],"about":[{"href":"https:\/\/lagumex.mx\/index\/wp-json\/wp\/v2\/types\/post"}],"author":[{"embeddable":true,"href":"https:\/\/lagumex.mx\/index\/wp-json\/wp\/v2\/users\/1"}],"replies":[{"embeddable":true,"href":"https:\/\/lagumex.mx\/index\/wp-json\/wp\/v2\/comments?post=718"}],"version-history":[{"count":1,"href":"https:\/\/lagumex.mx\/index\/wp-json\/wp\/v2\/posts\/718\/revisions"}],"predecessor-version":[{"id":719,"href":"https:\/\/lagumex.mx\/index\/wp-json\/wp\/v2\/posts\/718\/revisions\/719"}],"wp:attachment":[{"href":"https:\/\/lagumex.mx\/index\/wp-json\/wp\/v2\/media?parent=718"}],"wp:term":[{"taxonomy":"category","embeddable":true,"href":"https:\/\/lagumex.mx\/index\/wp-json\/wp\/v2\/categories?post=718"},{"taxonomy":"post_tag","embeddable":true,"href":"https:\/\/lagumex.mx\/index\/wp-json\/wp\/v2\/tags?post=718"}],"curies":[{"name":"wp","href":"https:\/\/api.w.org\/{rel}","templated":true}]}}