{"id":698,"date":"2023-07-30T03:51:00","date_gmt":"2023-07-30T03:51:00","guid":{"rendered":"http:\/\/lagumex.mx\/index\/?p=698"},"modified":"2023-07-30T15:56:01","modified_gmt":"2023-07-30T15:56:01","slug":"tras-anos-de-descuido-y-deterioro-en-la-plaza-hito-450-gobierno-de-esteban-inicia-trabajos-de-rehabilitacion","status":"publish","type":"post","link":"https:\/\/lagumex.mx\/index\/durango\/tras-anos-de-descuido-y-deterioro-en-la-plaza-hito-450-gobierno-de-esteban-inicia-trabajos-de-rehabilitacion\/","title":{"rendered":"Tras a\u00f1os de descuido y deterioro en la Plaza Hito 450, Gobierno de Esteban inicia trabajos de rehabilitaci\u00f3n"},"content":{"rendered":"\n<h2 class=\"wp-block-heading\">Como parte de las obras que el Gobernador regal\u00f3 a los ciudadanos por el 460 Aniversario de Durango, se realizan arreglos para que vuelva a ser una plaza monumental y segura.<\/h2>\n\n\n\n<p>&nbsp;30 de julio de 2023.\u201cDesde que entr\u00f3 Esteban, se ha notado mucho el cambio y Durango se va a ver m\u00e1s bonito\u201d: duranguenses.<\/p>\n\n\n\n<p>Con estructuras con forma de robles como s\u00edmbolo de fortaleza del esp\u00edritu de los duranguenses, se construy\u00f3 la Plaza Hito 450 en el a\u00f1o 2013, dentro de los festejos de la fundaci\u00f3n de la ciudad, sin embargo, a\u00f1os m\u00e1s tarde, esta emblem\u00e1tica obra qued\u00f3 descuidada hasta llegar al deterioro, convirti\u00e9ndose en presa del vandalismo.<\/p>\n\n\n\n<p>Ahora y como parte de las obras que el gobernador Esteban Villegas regal\u00f3 a los ciudadanos por el 460 Aniversario de Durango, se buscar\u00e1 devolver la funcionalidad de dicho espacio que ha sido punto de reuni\u00f3n familiar y de turistas, poniendo en marcha acciones de remodelaci\u00f3n y mejoramiento en sus fuentes, iluminaci\u00f3n y el \u00e1rea verde,&nbsp; para que esta vuelva a ser la Plaza monumental y segura para lo que fue creada.<\/p>\n\n\n\n<p>Cabe destacar que entre los desperfectos que se encontraron en el lugar, destacan el da\u00f1o de las bombas, controles, cables y equipos para el funcionamiento de las fuentes; los \u00e1rboles de iluminaci\u00f3n solar ya no funcionan y se detect\u00f3 que el vaso de la fuente est\u00e1 fracturado.<\/p>\n\n\n\n<p>Tambi\u00e9n, desaparecieron 450 l\u00e1mparas, se vandalizaron 450 boquillas de la fuente, al igual que el sistema de riego y el sistema de iluminaci\u00f3n espectacular; las bancas est\u00e1n totalmente destruidas por falta de mantenimiento, sobre todo en la superficie de los asientos. En este lugar faltan \u00e1rboles, los jardines se encuentran en malas condiciones y no se le dio mantenimiento a la estructura met\u00e1lica espectacular que posee dicha plaza.<\/p>\n\n\n\n<p>En este sentido, Luis Alfonso Quintanilla Carrillo y Luis P\u00e1ez, duranguenses que regularmente transitan por esta v\u00eda, coincidieron que el deterioro de la Plaza es bastante notorio y cada vez que pasan por all\u00ed, adem\u00e1s de una vista nada grata, les genera hasta inseguridad.<\/p>\n\n\n\n<p>&nbsp;\u201cSiempre la vimos as\u00ed, est\u00e1bamos impuestos, no nos causaba mucha ilusi\u00f3n, pero ahora que est\u00e1 cambiando ya todo bonito, nos parece magn\u00edfico lo que est\u00e1n haciendo; desde que entr\u00f3 Esteban ha estado manejando todo bien, se ha notado mucho y esto es un ejemplo, Durango se va a ver m\u00e1s bonito\u201d, aseguraron.<\/p>\n\n\n\n<p>Por su parte, Lucero Antuna, de los desayunos y gorder\u00eda Las Rieleras, dijo que como comerciantes les parece muy bien este enfoque de remodelaci\u00f3n que se est\u00e1 aplicando en la Plaza Hito, pues adem\u00e1s de ser un atractivo, a su negocio le conviene estar en un lugar agradable a la vista; \u201cdecirle a Esteban gracias por todo lo que hace por Durango, se est\u00e1n viendo demasiadas cosas que ha hecho para bien de los ciudadanos, vamos progresando y ya hac\u00eda falta\u201d, concluy\u00f3.<\/p>\n","protected":false},"excerpt":{"rendered":"<p>Como parte de las obras que el Gobernador regal\u00f3 a los ciudadanos por el 460 Aniversario de Durango, se realizan arreglos para que vuelva a ser una plaza monumental y segura. &nbsp;30 de julio de 2023.\u201cDesde que entr\u00f3 Esteban, se ha notado mucho el cambio y Durango se va a ver m\u00e1s bonito\u201d: duranguenses. Con&#8230;<\/p>\n","protected":false},"author":1,"featured_media":699,"comment_status":"open","ping_status":"open","sticky":false,"template":"","format":"standard","meta":{"footnotes":""},"categories":[1],"tags":[],"class_list":["post-698","post","type-post","status-publish","format-standard","has-post-thumbnail","hentry","category-durango"],"_links":{"self":[{"href":"https:\/\/lagumex.mx\/index\/wp-json\/wp\/v2\/posts\/698","targetHints":{"allow":["GET"]}}],"collection":[{"href":"https:\/\/lagumex.mx\/index\/wp-json\/wp\/v2\/posts"}],"about":[{"href":"https:\/\/lagumex.mx\/index\/wp-json\/wp\/v2\/types\/post"}],"author":[{"embeddable":true,"href":"https:\/\/lagumex.mx\/index\/wp-json\/wp\/v2\/users\/1"}],"replies":[{"embeddable":true,"href":"https:\/\/lagumex.mx\/index\/wp-json\/wp\/v2\/comments?post=698"}],"version-history":[{"count":2,"href":"https:\/\/lagumex.mx\/index\/wp-json\/wp\/v2\/posts\/698\/revisions"}],"predecessor-version":[{"id":708,"href":"https:\/\/lagumex.mx\/index\/wp-json\/wp\/v2\/posts\/698\/revisions\/708"}],"wp:featuredmedia":[{"embeddable":true,"href":"https:\/\/lagumex.mx\/index\/wp-json\/wp\/v2\/media\/699"}],"wp:attachment":[{"href":"https:\/\/lagumex.mx\/index\/wp-json\/wp\/v2\/media?parent=698"}],"wp:term":[{"taxonomy":"category","embeddable":true,"href":"https:\/\/lagumex.mx\/index\/wp-json\/wp\/v2\/categories?post=698"},{"taxonomy":"post_tag","embeddable":true,"href":"https:\/\/lagumex.mx\/index\/wp-json\/wp\/v2\/tags?post=698"}],"curies":[{"name":"wp","href":"https:\/\/api.w.org\/{rel}","templated":true}]}}