{"id":689,"date":"2023-07-27T15:43:59","date_gmt":"2023-07-27T15:43:59","guid":{"rendered":"http:\/\/lagumex.mx\/index\/?p=689"},"modified":"2023-07-30T15:45:24","modified_gmt":"2023-07-30T15:45:24","slug":"con-20-patrullas-nuevas-esteban-fortalece-la-seguridad-en-la-laguna","status":"publish","type":"post","link":"https:\/\/lagumex.mx\/index\/durango\/con-20-patrullas-nuevas-esteban-fortalece-la-seguridad-en-la-laguna\/","title":{"rendered":"Con 20 patrullas nuevas Esteban fortalece la seguridad en La Laguna"},"content":{"rendered":"\n<h2 class=\"wp-block-heading\">Estaciones de la Polic\u00eda Estatal en los municipios de G\u00f3mez Palacio, Mapim\u00ed, Cuencam\u00e9, Santa Clara y Tlahualilo reciben veh\u00edculos para vigilancia y prevenci\u00f3n.<\/h2>\n\n\n\n<p>27 de julio de 2023. En la localidad de Gregorio A. Garc\u00eda, en el municipio de G\u00f3mez Palacio, el gobernador Esteban Villegas Villarreal, entreg\u00f3 20 patrullas nuevas para fortalecer las acciones de vigilancia y prevenci\u00f3n en los municipios de la regi\u00f3n, con lo que refrenda su compromiso para mantener una Laguna segura.<\/p>\n\n\n\n<p>&nbsp;\u201cSi no hay seguridad no hay nada, ya vivimos tiempos complejos y no queremos volveros a vivir\u201d asegur\u00f3 el Mandatario al llevar las nuevas unidades que se destinar\u00e1n a las estaciones de la Polic\u00eda Estatal de los municipios de G\u00f3mez Palacio, Mapim\u00ed, Cuencam\u00e9, Santa Clara y Tlahualilo, las cuales recibi\u00f3&nbsp; a nombre de sus hom\u00f3logos, la presidenta municipal, Leticia Herrera Ale.<\/p>\n\n\n\n<p>Uno de los ejes estrat\u00e9gicos de la actual administraci\u00f3n, es mantener un gobierno seguro, respetuoso y en paz, para ello, se fortalece a los cuerpos policiales con la renovaci\u00f3n del parque vehicular, la capacitaci\u00f3n constante, infraestructura y la mejora de la tecnolog\u00eda de comunicaci\u00f3n e inteligencia.<\/p>\n\n\n\n<p>Villegas Villarreal reconoci\u00f3 que el hecho de que Durango se ubique en el tercer lugar en los \u00edndices de seguridad nacional, es el resultado del trabajo diario, del compromiso y la entrega de todos elementos de las diversas corporaciones, as\u00ed como la coordinaci\u00f3n de los tres \u00f3rdenes de Gobierno.<\/p>\n\n\n\n<p>Acompa\u00f1aron al gobernador en este acto, la alcaldesa de G\u00f3mez Palacio, Leticia Herrera Ale, el secretario de Seguridad P\u00fablica, \u00d3scar Galv\u00e1n Villarreal; el titular del Mando Especial Laguna, \u00d3scar Fernando Pastrana Mendoza y el subsecretario de Gobierno en La Laguna, Ra\u00fal Meraz Ram\u00edrez.<\/p>\n\n\n\n<p>Para finalizar, el Gobernador indic\u00f3 que es necesario no bajar la guardia y trabajar incansablemente por la seguridad de los habitantes de La Laguna.<\/p>\n","protected":false},"excerpt":{"rendered":"<p>Estaciones de la Polic\u00eda Estatal en los municipios de G\u00f3mez Palacio, Mapim\u00ed, Cuencam\u00e9, Santa Clara y Tlahualilo reciben veh\u00edculos para vigilancia y prevenci\u00f3n. 27 de julio de 2023. En la localidad de Gregorio A. Garc\u00eda, en el municipio de G\u00f3mez Palacio, el gobernador Esteban Villegas Villarreal, entreg\u00f3 20 patrullas nuevas para fortalecer las acciones de&#8230;<\/p>\n","protected":false},"author":1,"featured_media":690,"comment_status":"open","ping_status":"open","sticky":false,"template":"","format":"standard","meta":{"footnotes":""},"categories":[1,12],"tags":[],"class_list":["post-689","post","type-post","status-publish","format-standard","has-post-thumbnail","hentry","category-durango","category-gomez-palacio"],"_links":{"self":[{"href":"https:\/\/lagumex.mx\/index\/wp-json\/wp\/v2\/posts\/689","targetHints":{"allow":["GET"]}}],"collection":[{"href":"https:\/\/lagumex.mx\/index\/wp-json\/wp\/v2\/posts"}],"about":[{"href":"https:\/\/lagumex.mx\/index\/wp-json\/wp\/v2\/types\/post"}],"author":[{"embeddable":true,"href":"https:\/\/lagumex.mx\/index\/wp-json\/wp\/v2\/users\/1"}],"replies":[{"embeddable":true,"href":"https:\/\/lagumex.mx\/index\/wp-json\/wp\/v2\/comments?post=689"}],"version-history":[{"count":1,"href":"https:\/\/lagumex.mx\/index\/wp-json\/wp\/v2\/posts\/689\/revisions"}],"predecessor-version":[{"id":691,"href":"https:\/\/lagumex.mx\/index\/wp-json\/wp\/v2\/posts\/689\/revisions\/691"}],"wp:featuredmedia":[{"embeddable":true,"href":"https:\/\/lagumex.mx\/index\/wp-json\/wp\/v2\/media\/690"}],"wp:attachment":[{"href":"https:\/\/lagumex.mx\/index\/wp-json\/wp\/v2\/media?parent=689"}],"wp:term":[{"taxonomy":"category","embeddable":true,"href":"https:\/\/lagumex.mx\/index\/wp-json\/wp\/v2\/categories?post=689"},{"taxonomy":"post_tag","embeddable":true,"href":"https:\/\/lagumex.mx\/index\/wp-json\/wp\/v2\/tags?post=689"}],"curies":[{"name":"wp","href":"https:\/\/api.w.org\/{rel}","templated":true}]}}