{"id":678,"date":"2023-07-23T15:36:39","date_gmt":"2023-07-23T15:36:39","guid":{"rendered":"http:\/\/lagumex.mx\/index\/?p=678"},"modified":"2023-07-30T15:37:13","modified_gmt":"2023-07-30T15:37:13","slug":"responde-esteban-a-comunidades-indigenas-del-mezquital-con-patrullas-obras-y-apoyos","status":"publish","type":"post","link":"https:\/\/lagumex.mx\/index\/durango\/responde-esteban-a-comunidades-indigenas-del-mezquital-con-patrullas-obras-y-apoyos\/","title":{"rendered":"Responde Esteban a comunidades ind\u00edgenas del Mezquital con patrullas, obras y apoyos"},"content":{"rendered":"\n<h2 class=\"wp-block-heading\">Adem\u00e1s anunci\u00f3 que llegar\u00e1n 180 mdp para mejorar caminos y otras obras que les mejorar\u00e1n la calidad de vida.<\/h2>\n\n\n\n<p>23 de julio de 2023. Gracias al gobernador porque nunca nos ha dejado solos, estamos iniciando obras que van a beneficiar a los mezquitalences: Iv\u00e1n Soto Mend\u00eda, alcalde.<\/p>\n\n\n\n<p>La Guajolota, Mezquital,Dgo.-\u201cVienen cosas nuevas para el Mezquital, y este a\u00f1o traemos m\u00e1s de 180 millones de pesos en caminos, revestimientos, techos, pisos, agua, drenaje y m\u00e1s\u201d, asegur\u00f3 el gobernador Esteban Villegas Villarreal al visitar nuevamente la comunidad La Guajolota, donde entreg\u00f3 patrullas nuevas, inici\u00f3 obras y llev\u00f3 paquetes alimentarios para las familias de la regi\u00f3n.<\/p>\n\n\n\n<p>En esta gira de trabajo, Villegas Villarreal, dio arranque a la construcci\u00f3n de la Plaza C\u00edvica \u201cLa Guajolota\u201d,&nbsp; la cual, por muchos a\u00f1os hab\u00eda sido solicitada por sus habitantes; contar\u00e1 con andadores, jardines, equipamiento de bancas, asta bandera y alumbrado p\u00fablico.<\/p>\n\n\n\n<p>All\u00ed, el Mandatario hizo entrega de mil 500 paquetes alimentarios, as\u00ed como de 9 patrullas que ser\u00e1n distribuidas en diferentes comunidades del Mezquital&nbsp; para brindar mayor seguridad a las familias.<\/p>\n\n\n\n<p>Al dejar en claro que no hay pretextos para dejar de atender las comunidades que est\u00e1n alejadas y tienen dif\u00edcil acceso, el Gobernador anunci\u00f3 la pavimentaci\u00f3n de dos calles, el mejoramiento de los caminos Guajolota &#8211; Aguilillas y Guajolota &#8211; Milpillas, donde tambi\u00e9n se atender\u00e1n alcantarillas y vados, para que las personas se puedan trasladar de forma r\u00e1pida y segura.<\/p>\n\n\n\n<p>Tambi\u00e9n, adelant\u00f3 que se realizar\u00e1n trabajos de construcci\u00f3n, rehabilitaci\u00f3n y mantenimiento de redes de agua potable en diferentes zonas, as\u00ed como la electrificaci\u00f3n y otras obras en escuelas, a la par, dijo que se buscar\u00e1 tener un cami\u00f3n&nbsp; recolector de basura en esta localidad.<\/p>\n\n\n\n<p>\u201cGracias a que el Gobernador, nunca nos ha dejado solos, estamos concretando e iniciando obras que van a beneficiar a los mezquitalences, le agradecemos porque usted siempre ha visto y trabajado en favor de nuestro Mezquital\u201d, expres\u00f3 el presidente municipal, Iv\u00e1n Soto Mend\u00eda, al reiterar que seguir\u00e1n trabajando en equipo para avanzar en esta regi\u00f3n.<\/p>\n\n\n\n<p>Por su parte, el director de obras en el Mezquital, \u00c1ngel Chaidez, detall\u00f3 que con el respaldo del Gobierno Estatal, est\u00e1 en proceso ya el camino Chapul\u00edn-Charcos y que esta obra, une los dos ejes carreteros del municipio, lo cual, facilita el traslado de las dos zonas principales.<\/p>\n\n\n\n<p>A\u00f1adi\u00f3 que iniciar\u00e1n trabajos de techo firme de l\u00e1mina galvanizada para los poblados de La Guajolota, Los Amoles, Milpillas y Aguilillas, adem\u00e1s de que ya esta en proceso la construcci\u00f3n del domo en la Escuela Primaria de La Guajolota.<\/p>\n\n\n\n<p>Villegas Villarreal aprovech\u00f3 su visita a esta comunidad para recorrer el Hospital Integral, donde escuch\u00f3 y atendi\u00f3 las necesidades del personal m\u00e9dico, a quienes les garantiz\u00f3 que muy pronto esta instituci\u00f3n estar\u00e1 funcionando al 100 por ciento, las 24 horas, los sietes d\u00edas de la semana.<\/p>\n\n\n\n<p>Para finalizar, les dio otra buena noticia: que los primeros d\u00edas de agosto, el Gobierno del Estado contar\u00e1 con ambulancia a\u00e9rea e iniciar\u00e1 un programa de unidades m\u00f3viles con quir\u00f3fano, rayos x, ultrasonido, odont\u00f3logo y salud mental, que ir\u00e1n a todas las comunidades donde no hay centros de salud.<\/p>\n","protected":false},"excerpt":{"rendered":"<p>Adem\u00e1s anunci\u00f3 que llegar\u00e1n 180 mdp para mejorar caminos y otras obras que les mejorar\u00e1n la calidad de vida. 23 de julio de 2023. Gracias al gobernador porque nunca nos ha dejado solos, estamos iniciando obras que van a beneficiar a los mezquitalences: Iv\u00e1n Soto Mend\u00eda, alcalde. La Guajolota, Mezquital,Dgo.-\u201cVienen cosas nuevas para el Mezquital,&#8230;<\/p>\n","protected":false},"author":1,"featured_media":0,"comment_status":"open","ping_status":"open","sticky":false,"template":"","format":"standard","meta":{"footnotes":""},"categories":[1],"tags":[],"class_list":["post-678","post","type-post","status-publish","format-standard","hentry","category-durango"],"_links":{"self":[{"href":"https:\/\/lagumex.mx\/index\/wp-json\/wp\/v2\/posts\/678","targetHints":{"allow":["GET"]}}],"collection":[{"href":"https:\/\/lagumex.mx\/index\/wp-json\/wp\/v2\/posts"}],"about":[{"href":"https:\/\/lagumex.mx\/index\/wp-json\/wp\/v2\/types\/post"}],"author":[{"embeddable":true,"href":"https:\/\/lagumex.mx\/index\/wp-json\/wp\/v2\/users\/1"}],"replies":[{"embeddable":true,"href":"https:\/\/lagumex.mx\/index\/wp-json\/wp\/v2\/comments?post=678"}],"version-history":[{"count":1,"href":"https:\/\/lagumex.mx\/index\/wp-json\/wp\/v2\/posts\/678\/revisions"}],"predecessor-version":[{"id":679,"href":"https:\/\/lagumex.mx\/index\/wp-json\/wp\/v2\/posts\/678\/revisions\/679"}],"wp:attachment":[{"href":"https:\/\/lagumex.mx\/index\/wp-json\/wp\/v2\/media?parent=678"}],"wp:term":[{"taxonomy":"category","embeddable":true,"href":"https:\/\/lagumex.mx\/index\/wp-json\/wp\/v2\/categories?post=678"},{"taxonomy":"post_tag","embeddable":true,"href":"https:\/\/lagumex.mx\/index\/wp-json\/wp\/v2\/tags?post=678"}],"curies":[{"name":"wp","href":"https:\/\/api.w.org\/{rel}","templated":true}]}}