{"id":674,"date":"2023-07-21T15:33:57","date_gmt":"2023-07-21T15:33:57","guid":{"rendered":"http:\/\/lagumex.mx\/index\/?p=674"},"modified":"2023-07-30T15:34:45","modified_gmt":"2023-07-30T15:34:45","slug":"con-el-programa-cuidemos-el-valor-de-la-escuela-todos-somos-vigilantes-activos-papas-y-maestros","status":"publish","type":"post","link":"https:\/\/lagumex.mx\/index\/durango\/con-el-programa-cuidemos-el-valor-de-la-escuela-todos-somos-vigilantes-activos-papas-y-maestros\/","title":{"rendered":"Con el programa \u201cCuidemos el Valor de la Escuela\u201d,\u00a0 todos somos vigilantes activos: pap\u00e1s y maestros"},"content":{"rendered":"\n<h2 class=\"wp-block-heading\">Con estrategia coordinada por el Gobierno de Esteban, exhortan a la ciudadan\u00eda a reportar incidencias al 911 y evitar robos en instituciones educativas.<\/h2>\n\n\n\n<p>21 de julio de 2023.Docentes y padres de familia coincidieron en la importancia que tiene su participaci\u00f3n en el programa \u201cCuidemos el Valor de la Escuela\u201d,\u00a0 que tiene como finalidad bajar el \u00edndice de robos en instituciones en periodos vacacionales, el cual fue presentado por el Gobierno de Esteban Villegas con la colaboraci\u00f3n de diversas dependencias estatales, municipales y asociaciones.<\/p>\n\n\n\n<p>\u201cMe parece muy bien, soy padre de familia y vecino del fraccionamiento, por eso, invito a las personas a que si en alg\u00fan momento, ven que est\u00e1n robando, se comuniquen al 911 y avisen a las autoridades; la escuela es de la comunidad\u201d, expres\u00f3 Jos\u00e9 Pedro Salas Andrade al asegurar que \u00e9l har\u00e1 lo propio para colaborar y contribuir a ser un vecino vigilante.<\/p>\n\n\n\n<p>\u201cCuidemos el Valor de la Escuela\u201d,&nbsp; va a venir a ayudar mucho, yo creo que con la ayuda de este programa y de los vecinos, vamos a inhibir bastante este tipo de robos, pienso que todos podemos convertirnos en vigilante activos de esta estrategia y cualquier situaci\u00f3n que veamos podemos reportarla a los n\u00fameros de emergencia\u201d, destac\u00f3 Francisco Rocha, director de la Escuela Primaria \u00abLuis Moya\u00bb, al reiterar que en la medida que se involucren autoridades, padres de familia y sociedad en general, todo esto va a funcionar de la mejor manera y con buenos resultados.<\/p>\n\n\n\n<p>\u201cEs muy importante que la sociedad y maestros apoyen este programa vigilante que coordina el secretario de Educaci\u00f3n con las instituciones\u201d, dijo Cruz Contreras Moreno, Jefe del Departamento de Educaci\u00f3n Especial de la SEED, al considerar que este programa lleva garant\u00eda de funcionalidad, ya que participan tambi\u00e9n la Fiscal\u00eda General, la Secretar\u00eda de Seguridad P\u00fablica (SSP), Polic\u00eda Municipal, la direcci\u00f3n de Servicios P\u00fablicos, el Consejo Estatal Ciudadano as\u00ed como la Asociaci\u00f3n Estatal de Padres de Familia.<\/p>\n","protected":false},"excerpt":{"rendered":"<p>Con estrategia coordinada por el Gobierno de Esteban, exhortan a la ciudadan\u00eda a reportar incidencias al 911 y evitar robos en instituciones educativas. 21 de julio de 2023.Docentes y padres de familia coincidieron en la importancia que tiene su participaci\u00f3n en el programa \u201cCuidemos el Valor de la Escuela\u201d,\u00a0 que tiene como finalidad bajar el&#8230;<\/p>\n","protected":false},"author":1,"featured_media":0,"comment_status":"open","ping_status":"open","sticky":false,"template":"","format":"standard","meta":{"footnotes":""},"categories":[1],"tags":[],"class_list":["post-674","post","type-post","status-publish","format-standard","hentry","category-durango"],"_links":{"self":[{"href":"https:\/\/lagumex.mx\/index\/wp-json\/wp\/v2\/posts\/674","targetHints":{"allow":["GET"]}}],"collection":[{"href":"https:\/\/lagumex.mx\/index\/wp-json\/wp\/v2\/posts"}],"about":[{"href":"https:\/\/lagumex.mx\/index\/wp-json\/wp\/v2\/types\/post"}],"author":[{"embeddable":true,"href":"https:\/\/lagumex.mx\/index\/wp-json\/wp\/v2\/users\/1"}],"replies":[{"embeddable":true,"href":"https:\/\/lagumex.mx\/index\/wp-json\/wp\/v2\/comments?post=674"}],"version-history":[{"count":1,"href":"https:\/\/lagumex.mx\/index\/wp-json\/wp\/v2\/posts\/674\/revisions"}],"predecessor-version":[{"id":675,"href":"https:\/\/lagumex.mx\/index\/wp-json\/wp\/v2\/posts\/674\/revisions\/675"}],"wp:attachment":[{"href":"https:\/\/lagumex.mx\/index\/wp-json\/wp\/v2\/media?parent=674"}],"wp:term":[{"taxonomy":"category","embeddable":true,"href":"https:\/\/lagumex.mx\/index\/wp-json\/wp\/v2\/categories?post=674"},{"taxonomy":"post_tag","embeddable":true,"href":"https:\/\/lagumex.mx\/index\/wp-json\/wp\/v2\/tags?post=674"}],"curies":[{"name":"wp","href":"https:\/\/api.w.org\/{rel}","templated":true}]}}