{"id":668,"date":"2023-07-19T16:23:32","date_gmt":"2023-07-19T16:23:32","guid":{"rendered":"http:\/\/lagumex.mx\/index\/?p=668"},"modified":"2023-07-19T16:23:32","modified_gmt":"2023-07-19T16:23:32","slug":"placeada-retrata-los-claroscuros-en-la-vida-de-una-exsicaria","status":"publish","type":"post","link":"https:\/\/lagumex.mx\/index\/espectaculos\/placeada-retrata-los-claroscuros-en-la-vida-de-una-exsicaria\/","title":{"rendered":"Placeada retrata los claroscuros en la vida de una exsicaria"},"content":{"rendered":"\n<h2 class=\"wp-block-heading\">Placeada, de Alejandra S\u00e1nchez, documenta la traves\u00eda de una mujer desde su paso por el crimen organizado, su encarcelamiento y su liberaci\u00f3n tras 20 a\u00f1os de condena<\/h2>\n\n\n\n<p>19 de julio de 2023. \u201cEl fen\u00f3meno de la violencia en M\u00e9xico es muy complejo y corresponde a un mont\u00f3n de disciplinas de estudio. Yo trato de contar la historia de una mujer que tiene reflejos en muchas ni\u00f1as de este pa\u00eds que son seducidas o presas del crimen organizado\u201d, dice Alejandra S\u00e1nchez Orozco, quien retrat\u00f3 en Placeada la historia de una ex sicaria.<\/p>\n\n\n\n<p>\u201cEs una mujer que crece en el norte de M\u00e9xico, que a los 12 a\u00f1os se enrola en el crimen organizado y poco a poco se descubren las causas. El p\u00fablico va a sentirse a veces conmovido y sorprendido por la historia que est\u00e1 directamente relacionada con el crimen dentro de un Estado desorganizado. Vamos a entender que quiz\u00e1 el tema del narcotr\u00e1fico no es como nos lo han contado las series\u201d, coment\u00f3.<\/p>\n\n\n\n<p>La trama se enfoca en Gabriela, una mujer que pas\u00f3 20 a\u00f1os en prisi\u00f3n; a su salida, busca la manera de darle sentido a su vida y adaptarse, cargando con su pasado, del que sigue siendo presa.<\/p>\n\n\n\n<p>Su testimonio ofrece un panorama distinto sobre los posibles or\u00edgenes y causas de una violencia que se esparce cada vez m\u00e1s por el pa\u00eds.<\/p>\n\n\n\n<p>&nbsp;\u201cGaby es una v\u00edctima-victimario, justamente es ese hilo m\u00e1s delgado de un entramado complicado, dif\u00edcil, complejo. Oper\u00f3 en una etapa de adolescencia que es cuando los seres humanos confundimos la fantas\u00eda con la realidad.<\/p>\n","protected":false},"excerpt":{"rendered":"<p>Placeada, de Alejandra S\u00e1nchez, documenta la traves\u00eda de una mujer desde su paso por el crimen organizado, su encarcelamiento y su liberaci\u00f3n tras 20 a\u00f1os de condena 19 de julio de 2023. \u201cEl fen\u00f3meno de la violencia en M\u00e9xico es muy complejo y corresponde a un mont\u00f3n de disciplinas de estudio. Yo trato de contar&#8230;<\/p>\n","protected":false},"author":1,"featured_media":669,"comment_status":"open","ping_status":"open","sticky":false,"template":"","format":"standard","meta":{"footnotes":""},"categories":[5],"tags":[],"class_list":["post-668","post","type-post","status-publish","format-standard","has-post-thumbnail","hentry","category-espectaculos"],"_links":{"self":[{"href":"https:\/\/lagumex.mx\/index\/wp-json\/wp\/v2\/posts\/668","targetHints":{"allow":["GET"]}}],"collection":[{"href":"https:\/\/lagumex.mx\/index\/wp-json\/wp\/v2\/posts"}],"about":[{"href":"https:\/\/lagumex.mx\/index\/wp-json\/wp\/v2\/types\/post"}],"author":[{"embeddable":true,"href":"https:\/\/lagumex.mx\/index\/wp-json\/wp\/v2\/users\/1"}],"replies":[{"embeddable":true,"href":"https:\/\/lagumex.mx\/index\/wp-json\/wp\/v2\/comments?post=668"}],"version-history":[{"count":1,"href":"https:\/\/lagumex.mx\/index\/wp-json\/wp\/v2\/posts\/668\/revisions"}],"predecessor-version":[{"id":670,"href":"https:\/\/lagumex.mx\/index\/wp-json\/wp\/v2\/posts\/668\/revisions\/670"}],"wp:featuredmedia":[{"embeddable":true,"href":"https:\/\/lagumex.mx\/index\/wp-json\/wp\/v2\/media\/669"}],"wp:attachment":[{"href":"https:\/\/lagumex.mx\/index\/wp-json\/wp\/v2\/media?parent=668"}],"wp:term":[{"taxonomy":"category","embeddable":true,"href":"https:\/\/lagumex.mx\/index\/wp-json\/wp\/v2\/categories?post=668"},{"taxonomy":"post_tag","embeddable":true,"href":"https:\/\/lagumex.mx\/index\/wp-json\/wp\/v2\/tags?post=668"}],"curies":[{"name":"wp","href":"https:\/\/api.w.org\/{rel}","templated":true}]}}