{"id":658,"date":"2023-07-19T16:17:47","date_gmt":"2023-07-19T16:17:47","guid":{"rendered":"http:\/\/lagumex.mx\/index\/?p=658"},"modified":"2023-07-19T16:17:47","modified_gmt":"2023-07-19T16:17:47","slug":"continuan-los-trabajos-en-diferentes-obras-en-lerdo","status":"publish","type":"post","link":"https:\/\/lagumex.mx\/index\/lerdo\/continuan-los-trabajos-en-diferentes-obras-en-lerdo\/","title":{"rendered":"Contin\u00faan los trabajos en diferentes obras en Lerdo"},"content":{"rendered":"\n<h2 class=\"wp-block-heading\">Las obras no se suspender\u00e1n durante el presente periodo vacacional de verano<\/h2>\n\n\n\n<p>19 de julio de 2023. Independientemente de que el cincuenta por ciento del personal de esta dependencia este de vacaciones, las obras sociales en Villa Nazareno, as\u00ed como en la comunidad de Monterrey, Salamanca por mencionar algunas; y colonias del medio urbano, no se frenar\u00e1n su curso.<\/p>\n\n\n\n<p>En el caso de villa Nazareno se lleva la instalaci\u00f3n de tuber\u00eda hacia un mega tanque para darle soluci\u00f3n de fondo al abasto de agua potable. Mientras que en la comunidad de Monterrey se construye un Domo y se realizan obras de mejoras de drenaje.<\/p>\n\n\n\n<p>En tanto que en la comunidad de Salamanca se realizan obras de ampliaci\u00f3n de agua potable y alumbrado p\u00fablico, las cuales vendr\u00e1n a mejorar la calidad de vida de los habitantes que hoy en d\u00eda ven cumplidas las demandas en la persona del alcalde Homero Mart\u00ednez y su equipo de funcionarios y regidores.<\/p>\n\n\n\n<p>Aunado a lo anterior, se indic\u00f3 que en los pr\u00f3ximos d\u00edas se pondr\u00e1n en marcha las obras sociales en la comunidad de San Jacinto, en donde hace m\u00e1s de una semana el alcalde Homero Mart\u00ednez les entreg\u00f3 la obra de rehabilitaci\u00f3n del pozo de agua potable, a pesar de que no pertenecen al sistema de agua potable del SAPAL.<\/p>\n\n\n\n<p>Finalmente, se inform\u00f3 que en la colonia C\u00e9sar G. Meraz se lleva a cabo la repavimentaci\u00f3n de varias calles y avenidas, as\u00ed como en las colonias Villa de las Flores y Villa Jard\u00edn, en donde invertir\u00e1n m\u00e1s de 7 millones de pesos.<\/p>\n","protected":false},"excerpt":{"rendered":"<p>Las obras no se suspender\u00e1n durante el presente periodo vacacional de verano 19 de julio de 2023. Independientemente de que el cincuenta por ciento del personal de esta dependencia este de vacaciones, las obras sociales en Villa Nazareno, as\u00ed como en la comunidad de Monterrey, Salamanca por mencionar algunas; y colonias del medio urbano, no&#8230;<\/p>\n","protected":false},"author":1,"featured_media":659,"comment_status":"open","ping_status":"open","sticky":false,"template":"","format":"standard","meta":{"footnotes":""},"categories":[3],"tags":[],"class_list":["post-658","post","type-post","status-publish","format-standard","has-post-thumbnail","hentry","category-lerdo"],"_links":{"self":[{"href":"https:\/\/lagumex.mx\/index\/wp-json\/wp\/v2\/posts\/658","targetHints":{"allow":["GET"]}}],"collection":[{"href":"https:\/\/lagumex.mx\/index\/wp-json\/wp\/v2\/posts"}],"about":[{"href":"https:\/\/lagumex.mx\/index\/wp-json\/wp\/v2\/types\/post"}],"author":[{"embeddable":true,"href":"https:\/\/lagumex.mx\/index\/wp-json\/wp\/v2\/users\/1"}],"replies":[{"embeddable":true,"href":"https:\/\/lagumex.mx\/index\/wp-json\/wp\/v2\/comments?post=658"}],"version-history":[{"count":1,"href":"https:\/\/lagumex.mx\/index\/wp-json\/wp\/v2\/posts\/658\/revisions"}],"predecessor-version":[{"id":660,"href":"https:\/\/lagumex.mx\/index\/wp-json\/wp\/v2\/posts\/658\/revisions\/660"}],"wp:featuredmedia":[{"embeddable":true,"href":"https:\/\/lagumex.mx\/index\/wp-json\/wp\/v2\/media\/659"}],"wp:attachment":[{"href":"https:\/\/lagumex.mx\/index\/wp-json\/wp\/v2\/media?parent=658"}],"wp:term":[{"taxonomy":"category","embeddable":true,"href":"https:\/\/lagumex.mx\/index\/wp-json\/wp\/v2\/categories?post=658"},{"taxonomy":"post_tag","embeddable":true,"href":"https:\/\/lagumex.mx\/index\/wp-json\/wp\/v2\/tags?post=658"}],"curies":[{"name":"wp","href":"https:\/\/api.w.org\/{rel}","templated":true}]}}