{"id":651,"date":"2023-07-17T16:09:36","date_gmt":"2023-07-17T16:09:36","guid":{"rendered":"http:\/\/lagumex.mx\/index\/?p=651"},"modified":"2023-07-19T16:10:58","modified_gmt":"2023-07-19T16:10:58","slug":"arranca-gobierno-de-esteban-estrategias-feria-segura-y-hombres-aliados","status":"publish","type":"post","link":"https:\/\/lagumex.mx\/index\/durango\/arranca-gobierno-de-esteban-estrategias-feria-segura-y-hombres-aliados\/","title":{"rendered":"Arranca Gobierno de Esteban estrategias \u201cFeria Segura\u00bb y \u00abHombres Aliados\u201d"},"content":{"rendered":"\n<h2 class=\"wp-block-heading\">Seguridad P\u00fablica, Instituto de la Juventud y de las Mujeres, fortalecen prevenci\u00f3n de accidentes en Feria Villista 2023.<\/h2>\n\n\n\n<p>17 de julio de 2023.Se involucrar\u00e1 a la poblaci\u00f3n masculina para promover cultura de la denuncia al 911 ante incidencias de violencia en contra de las mujeres.<\/p>\n\n\n\n<p>Para&nbsp; tener una temporada de Feria, segura y con saldo blanco, as\u00ed como incentivar la cultura de la denuncia de delitos contra las mujeres al 911, el Gobierno de Esteban Villegas arranc\u00f3 este fin de semana las estrategias denominadas \u201cFeria Segura\u201d y \u201cHombres Aliados\u201d, las cuales buscan impactar tanto a la poblaci\u00f3n joven como masculina.<\/p>\n\n\n\n<p>El secretario de Seguridad P\u00fablica, \u00d3scar Galv\u00e1n Villarreal, en representaci\u00f3n del Gobernador, dio el banderazo de inicio de estas estrategias junto a las titulares del<\/p>\n\n\n\n<p>Instituto Estatal de las Mujeres (IEM), Alejandra Terrones Ochoa y del Instituto Duranguense de la Juventud (IDJ), Mayt\u00e9 Manzanera Aldana con el prop\u00f3sito de concientizar a las y los j\u00f3venes a divertirse con responsabilidad.<\/p>\n\n\n\n<p>A trav\u00e9s de la \u201cFeria Segura\u201d, se busca que con la aplicaci\u00f3n de transporte Bolt, los j\u00f3venes no arriesguen su vida conduciendo bajo los efectos del alcohol, por ello, se otorgar\u00e1n descuentos del 15 por ciento con el c\u00f3digo FERIASEGURA.<\/p>\n\n\n\n<p>Por su parte, la titular del IDJ, destac\u00f3 que se emitir\u00e1n mensajes de manera constante durante este periodo vacacional para prevenir accidentes mortales y tener saldo blanco al t\u00e9rmino de esta temporada de descanso.<\/p>\n\n\n\n<p>A la par, tambi\u00e9n se puso en marcha la estrategia \u201cHombres Aliados\u201d, la cual se retom\u00f3 como una buena pr\u00e1ctica del Ayuntamiento de G\u00f3mez Palacio, el primer municipio en crear un proyecto integral para trabajar con hombres en la cultura de la denuncia en contra de cualquier tipo de violencia ejercida hacia las mujeres.<\/p>\n\n\n\n<p>La directora del IEM, se\u00f1al\u00f3 que la meta durante este periodo de Feria es comprometer a mil hombres aliados que fomenten la cultura de la denuncia al 911 y respeten los derechos de las mujeres para disminuir los \u00edndices de violencia contra ellas.<\/p>\n\n\n\n<p>\u201cHombres Aliados\u201d estar\u00e1 en esta primera etapa en la Feria Villista 2023, pero tambi\u00e9n en cruceros, instituciones p\u00fablicas, ayuntamientos, instituciones educativas e incluso centros de trabajo, agreg\u00f3 Terrones Ochoa.<\/p>\n","protected":false},"excerpt":{"rendered":"<p>Seguridad P\u00fablica, Instituto de la Juventud y de las Mujeres, fortalecen prevenci\u00f3n de accidentes en Feria Villista 2023. 17 de julio de 2023.Se involucrar\u00e1 a la poblaci\u00f3n masculina para promover cultura de la denuncia al 911 ante incidencias de violencia en contra de las mujeres. Para&nbsp; tener una temporada de Feria, segura y con saldo&#8230;<\/p>\n","protected":false},"author":1,"featured_media":0,"comment_status":"open","ping_status":"open","sticky":false,"template":"","format":"standard","meta":{"footnotes":""},"categories":[1],"tags":[],"class_list":["post-651","post","type-post","status-publish","format-standard","hentry","category-durango"],"_links":{"self":[{"href":"https:\/\/lagumex.mx\/index\/wp-json\/wp\/v2\/posts\/651","targetHints":{"allow":["GET"]}}],"collection":[{"href":"https:\/\/lagumex.mx\/index\/wp-json\/wp\/v2\/posts"}],"about":[{"href":"https:\/\/lagumex.mx\/index\/wp-json\/wp\/v2\/types\/post"}],"author":[{"embeddable":true,"href":"https:\/\/lagumex.mx\/index\/wp-json\/wp\/v2\/users\/1"}],"replies":[{"embeddable":true,"href":"https:\/\/lagumex.mx\/index\/wp-json\/wp\/v2\/comments?post=651"}],"version-history":[{"count":1,"href":"https:\/\/lagumex.mx\/index\/wp-json\/wp\/v2\/posts\/651\/revisions"}],"predecessor-version":[{"id":652,"href":"https:\/\/lagumex.mx\/index\/wp-json\/wp\/v2\/posts\/651\/revisions\/652"}],"wp:attachment":[{"href":"https:\/\/lagumex.mx\/index\/wp-json\/wp\/v2\/media?parent=651"}],"wp:term":[{"taxonomy":"category","embeddable":true,"href":"https:\/\/lagumex.mx\/index\/wp-json\/wp\/v2\/categories?post=651"},{"taxonomy":"post_tag","embeddable":true,"href":"https:\/\/lagumex.mx\/index\/wp-json\/wp\/v2\/tags?post=651"}],"curies":[{"name":"wp","href":"https:\/\/api.w.org\/{rel}","templated":true}]}}