{"id":631,"date":"2023-07-14T20:31:07","date_gmt":"2023-07-14T20:31:07","guid":{"rendered":"http:\/\/lagumex.mx\/index\/?p=631"},"modified":"2023-07-15T20:31:57","modified_gmt":"2023-07-15T20:31:57","slug":"gomez-palacio-luce-durante-inauguracion-de-pancho-villa-en-mi-municipio","status":"publish","type":"post","link":"https:\/\/lagumex.mx\/index\/gomez-palacio\/gomez-palacio-luce-durante-inauguracion-de-pancho-villa-en-mi-municipio\/","title":{"rendered":"G\u00f3mez Palacio luce durante inauguraci\u00f3n de \u201cPancho Villa en mi Municipio\u201d"},"content":{"rendered":"\n<h2 class=\"wp-block-heading\">Durante la gala se presentaron tem\u00e1ticas como la m\u00fasica, exposici\u00f3n fotogr\u00e1fica y gastronom\u00eda regional<\/h2>\n\n\n\n<p>14 de julio de 2023. El municipio de G\u00f3mez Palacio fue parte de los invitados especiales durante la presentaci\u00f3n del evento \u201cPancho Villa en mi Municipio\u201d que se llev\u00f3 a cabo en la Capital del Estado, todo ello como parte de los festejos de la \u201cConmemoraci\u00f3n del Centenario de la Muerte del General 1923-2023\u201d.<\/p>\n\n\n\n<p>Melissa Reuter P\u00e9rez, titular de la Direcci\u00f3n Municipal de Arte y Cultura, comparti\u00f3 que se cumplieron las expectativas en cuanto a organizaci\u00f3n se refiere y sobre todo por la atenci\u00f3n que recibi\u00f3 a delegaci\u00f3n que represent\u00f3 al Ayuntamiento de G\u00f3mez Palacio.<\/p>\n\n\n\n<p>&nbsp;\u201cEstuvo conformada por alrededor de 30 gomezpalatinos, festival que se llev\u00f3 a cabo en las instalaciones del Museo Francisco Villa, es parte de los festejos de conmemoraci\u00f3n villista, en el que cada semana se hace la invitaci\u00f3n a un municipio diferente y que ahora correspondi\u00f3 a G\u00f3mez Palacio\u201d.<\/p>\n\n\n\n<p>Presentaron por ejemplo; narrativa, danza, m\u00fasica, canto, exposiciones y gastronom\u00eda, todo con el apoyo de la presidenta municipal Leticia Herrera Ale, para impulsar las tradiciones gomezpalatinas, por lo que los duranguenses recibieron con agrado la exposici\u00f3n, la cual fue todo un \u00e9xito.<\/p>\n\n\n\n<p>Dijo la funcionaria que se cont\u00f3 con la participaci\u00f3n del Grupo Impulsor de M\u00fasica Mexicana, el Ballet Folcl\u00f3rico Yohualli, el conferencista, Alejandro Ahumada, la exposici\u00f3n fotogr\u00e1fica de la Toma de La Laguna y adem\u00e1s de una muestra gastron\u00f3mica de la regi\u00f3n.<\/p>\n","protected":false},"excerpt":{"rendered":"<p>Durante la gala se presentaron tem\u00e1ticas como la m\u00fasica, exposici\u00f3n fotogr\u00e1fica y gastronom\u00eda regional 14 de julio de 2023. El municipio de G\u00f3mez Palacio fue parte de los invitados especiales durante la presentaci\u00f3n del evento \u201cPancho Villa en mi Municipio\u201d que se llev\u00f3 a cabo en la Capital del Estado, todo ello como parte de&#8230;<\/p>\n","protected":false},"author":1,"featured_media":632,"comment_status":"open","ping_status":"open","sticky":false,"template":"","format":"standard","meta":{"footnotes":""},"categories":[12],"tags":[],"class_list":["post-631","post","type-post","status-publish","format-standard","has-post-thumbnail","hentry","category-gomez-palacio"],"_links":{"self":[{"href":"https:\/\/lagumex.mx\/index\/wp-json\/wp\/v2\/posts\/631","targetHints":{"allow":["GET"]}}],"collection":[{"href":"https:\/\/lagumex.mx\/index\/wp-json\/wp\/v2\/posts"}],"about":[{"href":"https:\/\/lagumex.mx\/index\/wp-json\/wp\/v2\/types\/post"}],"author":[{"embeddable":true,"href":"https:\/\/lagumex.mx\/index\/wp-json\/wp\/v2\/users\/1"}],"replies":[{"embeddable":true,"href":"https:\/\/lagumex.mx\/index\/wp-json\/wp\/v2\/comments?post=631"}],"version-history":[{"count":1,"href":"https:\/\/lagumex.mx\/index\/wp-json\/wp\/v2\/posts\/631\/revisions"}],"predecessor-version":[{"id":633,"href":"https:\/\/lagumex.mx\/index\/wp-json\/wp\/v2\/posts\/631\/revisions\/633"}],"wp:featuredmedia":[{"embeddable":true,"href":"https:\/\/lagumex.mx\/index\/wp-json\/wp\/v2\/media\/632"}],"wp:attachment":[{"href":"https:\/\/lagumex.mx\/index\/wp-json\/wp\/v2\/media?parent=631"}],"wp:term":[{"taxonomy":"category","embeddable":true,"href":"https:\/\/lagumex.mx\/index\/wp-json\/wp\/v2\/categories?post=631"},{"taxonomy":"post_tag","embeddable":true,"href":"https:\/\/lagumex.mx\/index\/wp-json\/wp\/v2\/tags?post=631"}],"curies":[{"name":"wp","href":"https:\/\/api.w.org\/{rel}","templated":true}]}}