{"id":625,"date":"2023-07-15T20:28:26","date_gmt":"2023-07-15T20:28:26","guid":{"rendered":"http:\/\/lagumex.mx\/index\/?p=625"},"modified":"2023-07-15T20:28:26","modified_gmt":"2023-07-15T20:28:26","slug":"inicia-el-martes-periodo-vacacional-en-ayuntamiento-de-lerdo","status":"publish","type":"post","link":"https:\/\/lagumex.mx\/index\/lerdo\/inicia-el-martes-periodo-vacacional-en-ayuntamiento-de-lerdo\/","title":{"rendered":"Inicia el martes periodo vacacional en ayuntamiento de Lerdo"},"content":{"rendered":"\n<h2 class=\"wp-block-heading\">Atender\u00e1n a la ciudadan\u00eda con guardias del 18 al 31 de julio<\/h2>\n\n\n\n<p>15 de julio de 2023. El pr\u00f3ximo martes 18 de julio dar\u00e1 inicio el periodo vacacional de verano para los trabajadores administrativos de la Presidencia Municipal de Lerdo, seg\u00fan inform\u00f3 el titular del departamento de Recursos Humanos, \u00c1ngel Mendoza Cebri\u00e1n, quien dio a conocer que se brindar\u00e1 el servicio a la ciudadan\u00eda por medio de guardias en un horario de 9:00 a 14:00 horas.<\/p>\n\n\n\n<p>Fue en la sesi\u00f3n de Cabildo n\u00famero 41 cuando se autoriz\u00f3 el periodo vacacional, del martes 18 al lunes 31 de julio, para las direcciones y jefaturas no operativas.<\/p>\n\n\n\n<p>De igual manera, los institutos municipales y dependencias que se encuentran al interior de la Unidad Administrativa de la colonia San Isidro, laborar\u00e1n en un horario de 9:00 a 14:00 hrs.<\/p>\n\n\n\n<p>Mientras que el Sistema para el Desarrollo Integral de la Familia (DIF) en Lerdo, atender\u00e1 en horario normal de 8:00 a 16:00 la pr\u00f3xima semana, y del 24 al 28 de julio descansar\u00e1n.<\/p>\n\n\n\n<p>Cabe se\u00f1alar que las \u00e1reas operativas de la Presidencia y SAPAL, as\u00ed como la procuradur\u00eda para la Defensa de Ni\u00f1as, Ni\u00f1os y Adolescentes se mantendr\u00e1n atentos las 24 horas del d\u00eda, para atender a la ciudadan\u00eda y procurar su bienestar. La l\u00ednea de emergencia del programa \u201cPor ti, por m\u00ed, \u00a1por todas!\u201d, 87 11 16 79 99, tambi\u00e9n estar\u00e1 disponible 24\/7 durante este periodo.<\/p>\n","protected":false},"excerpt":{"rendered":"<p>Atender\u00e1n a la ciudadan\u00eda con guardias del 18 al 31 de julio 15 de julio de 2023. El pr\u00f3ximo martes 18 de julio dar\u00e1 inicio el periodo vacacional de verano para los trabajadores administrativos de la Presidencia Municipal de Lerdo, seg\u00fan inform\u00f3 el titular del departamento de Recursos Humanos, \u00c1ngel Mendoza Cebri\u00e1n, quien dio a&#8230;<\/p>\n","protected":false},"author":1,"featured_media":626,"comment_status":"open","ping_status":"open","sticky":false,"template":"","format":"standard","meta":{"footnotes":""},"categories":[3],"tags":[],"class_list":["post-625","post","type-post","status-publish","format-standard","has-post-thumbnail","hentry","category-lerdo"],"_links":{"self":[{"href":"https:\/\/lagumex.mx\/index\/wp-json\/wp\/v2\/posts\/625","targetHints":{"allow":["GET"]}}],"collection":[{"href":"https:\/\/lagumex.mx\/index\/wp-json\/wp\/v2\/posts"}],"about":[{"href":"https:\/\/lagumex.mx\/index\/wp-json\/wp\/v2\/types\/post"}],"author":[{"embeddable":true,"href":"https:\/\/lagumex.mx\/index\/wp-json\/wp\/v2\/users\/1"}],"replies":[{"embeddable":true,"href":"https:\/\/lagumex.mx\/index\/wp-json\/wp\/v2\/comments?post=625"}],"version-history":[{"count":1,"href":"https:\/\/lagumex.mx\/index\/wp-json\/wp\/v2\/posts\/625\/revisions"}],"predecessor-version":[{"id":627,"href":"https:\/\/lagumex.mx\/index\/wp-json\/wp\/v2\/posts\/625\/revisions\/627"}],"wp:featuredmedia":[{"embeddable":true,"href":"https:\/\/lagumex.mx\/index\/wp-json\/wp\/v2\/media\/626"}],"wp:attachment":[{"href":"https:\/\/lagumex.mx\/index\/wp-json\/wp\/v2\/media?parent=625"}],"wp:term":[{"taxonomy":"category","embeddable":true,"href":"https:\/\/lagumex.mx\/index\/wp-json\/wp\/v2\/categories?post=625"},{"taxonomy":"post_tag","embeddable":true,"href":"https:\/\/lagumex.mx\/index\/wp-json\/wp\/v2\/tags?post=625"}],"curies":[{"name":"wp","href":"https:\/\/api.w.org\/{rel}","templated":true}]}}