{"id":617,"date":"2023-07-12T20:19:07","date_gmt":"2023-07-12T20:19:07","guid":{"rendered":"http:\/\/lagumex.mx\/index\/?p=617"},"modified":"2023-07-15T20:20:20","modified_gmt":"2023-07-15T20:20:20","slug":"cabildo-aprobo-nuevo-reglamento-de-plazas-y-mercados","status":"publish","type":"post","link":"https:\/\/lagumex.mx\/index\/lerdo\/cabildo-aprobo-nuevo-reglamento-de-plazas-y-mercados\/","title":{"rendered":"Cabildo aprob\u00f3 nuevo reglamento de plazas y mercados"},"content":{"rendered":"\n<h2 class=\"wp-block-heading\">Los regidores regresar\u00e1n de vacaciones el 3 de agosto pr\u00f3ximo<\/h2>\n\n\n\n<p>12 de julio de 2023. Durante la sesi\u00f3n de Cabildo n\u00famero 42, se aprob\u00f3 unanimidad el nuevo reglamento de Plazas y Mercados, as\u00ed como la derogaci\u00f3n del anterior, de ah\u00ed que en pr\u00f3ximos d\u00edas entrar\u00e1 el vigor una vez publicado en la Gaceta Municipal de Lerdo.<\/p>\n\n\n\n<p>Posteriormente en Lectura de Correspondencia se recibieron 9 oficios, uno se turn\u00f3 a la comisi\u00f3n de Hacienda, otro a la comisi\u00f3n de Desarrollo Econ\u00f3mico, 6 a la de Obras P\u00fablicas y uno m\u00e1s a las Comisiones de Gobernaci\u00f3n, Arte y Cultura.<\/p>\n\n\n\n<p>De Igual manera, en dict\u00e1menes emitidos por la comisi\u00f3n de Desarrollo Social, la propuesta de iniciativa \u00abpan franc\u00e9s lagunero\u00bb como producto end\u00e9mico de la regi\u00f3n de la comarca lagunera con indicaci\u00f3n geogr\u00e1fica protegida, se aprob\u00f3 por todo el \u00f3rgano colegiado.<\/p>\n\n\n\n<p>Una vez en Asuntos Generales, el Presidente en funciones, primer regidor Juan Jos\u00e9 Carrillo Alaba, se comprometi\u00f3 a hacerle llegar todas las participaciones al Alcalde Homero Mart\u00ednez Cabrera, para turnar los temas a las dependencias correspondientes.<\/p>\n","protected":false},"excerpt":{"rendered":"<p>Los regidores regresar\u00e1n de vacaciones el 3 de agosto pr\u00f3ximo 12 de julio de 2023. Durante la sesi\u00f3n de Cabildo n\u00famero 42, se aprob\u00f3 unanimidad el nuevo reglamento de Plazas y Mercados, as\u00ed como la derogaci\u00f3n del anterior, de ah\u00ed que en pr\u00f3ximos d\u00edas entrar\u00e1 el vigor una vez publicado en la Gaceta Municipal de&#8230;<\/p>\n","protected":false},"author":1,"featured_media":618,"comment_status":"open","ping_status":"open","sticky":false,"template":"","format":"standard","meta":{"footnotes":""},"categories":[3],"tags":[],"class_list":["post-617","post","type-post","status-publish","format-standard","has-post-thumbnail","hentry","category-lerdo"],"_links":{"self":[{"href":"https:\/\/lagumex.mx\/index\/wp-json\/wp\/v2\/posts\/617","targetHints":{"allow":["GET"]}}],"collection":[{"href":"https:\/\/lagumex.mx\/index\/wp-json\/wp\/v2\/posts"}],"about":[{"href":"https:\/\/lagumex.mx\/index\/wp-json\/wp\/v2\/types\/post"}],"author":[{"embeddable":true,"href":"https:\/\/lagumex.mx\/index\/wp-json\/wp\/v2\/users\/1"}],"replies":[{"embeddable":true,"href":"https:\/\/lagumex.mx\/index\/wp-json\/wp\/v2\/comments?post=617"}],"version-history":[{"count":1,"href":"https:\/\/lagumex.mx\/index\/wp-json\/wp\/v2\/posts\/617\/revisions"}],"predecessor-version":[{"id":619,"href":"https:\/\/lagumex.mx\/index\/wp-json\/wp\/v2\/posts\/617\/revisions\/619"}],"wp:featuredmedia":[{"embeddable":true,"href":"https:\/\/lagumex.mx\/index\/wp-json\/wp\/v2\/media\/618"}],"wp:attachment":[{"href":"https:\/\/lagumex.mx\/index\/wp-json\/wp\/v2\/media?parent=617"}],"wp:term":[{"taxonomy":"category","embeddable":true,"href":"https:\/\/lagumex.mx\/index\/wp-json\/wp\/v2\/categories?post=617"},{"taxonomy":"post_tag","embeddable":true,"href":"https:\/\/lagumex.mx\/index\/wp-json\/wp\/v2\/tags?post=617"}],"curies":[{"name":"wp","href":"https:\/\/api.w.org\/{rel}","templated":true}]}}