{"id":601,"date":"2023-07-11T15:53:57","date_gmt":"2023-07-11T15:53:57","guid":{"rendered":"http:\/\/lagumex.mx\/index\/?p=601"},"modified":"2023-07-11T15:53:57","modified_gmt":"2023-07-11T15:53:57","slug":"turismo-coahuila-eventos-gastronomicos-este-fin-de-semana-en-arteaga-y-general-cepeda","status":"publish","type":"post","link":"https:\/\/lagumex.mx\/index\/uncategorized\/uac\/uac-uac\/coahuila-coahuila\/turismo-coahuila-eventos-gastronomicos-este-fin-de-semana-en-arteaga-y-general-cepeda\/","title":{"rendered":"TURISMO COAHUILA: EVENTOS GASTRON\u00d3MICOS ESTE FIN DE SEMANA EN ARTEAGA Y GENERAL CEPEDA"},"content":{"rendered":"\n<h2 class=\"wp-block-heading\">Los dos Pueblos M\u00e1gicos tendr\u00e1n el Festival del Asado y el Festival del Ata\u00fad<\/h2>\n\n\n\n<p>Saltillo, Coahuila de Zaragoza; a 11 de Julio de 2023.- Los Pueblos M\u00e1gicos de Arteaga y de General Cepeda ofrecer\u00e1n este fin de semana a turistas y visitantes los festivales del Asado y del Ata\u00fad, respectivamente, donde habr\u00e1 m\u00fasica, platillos mexicanos y dem\u00e1s sorpresas.<\/p>\n\n\n\n<p>En rueda de prensa que encabezaron la titular de SECTUR Coahuila, Azucena Ramos Ramos, y el Alcalde de General Cepeda, Pablo Salas Aguirre, se inform\u00f3 que en este nuevo Pueblo M\u00e1gico se llevar\u00e1 a cabo el Segundo Festival del Ata\u00fad el domingo 16 de julio de las 12:00 hasta las 18:00 horas, en la Plaza Independencia, en el Centro Hist\u00f3rico.<\/p>\n\n\n\n<p>El Alcalde expuso que se trata de la segunda edici\u00f3n que tendr\u00e1 premios econ\u00f3micos para los tres primeros lugares en la categor\u00eda de la Mejor Carne al Ata\u00fad y los Mejores Frijoles Charros. Adem\u00e1s habr\u00e1 un premio especial para el Mejor Stand.<\/p>\n\n\n\n<p>Habr\u00e1 ballet folcl\u00f3rico, show infantil, presentaci\u00f3n de un comediante y grupos musicales, pirotecnia, adem\u00e1s dinosaurios, pinta caritas, dulces regionales y otras sorpresas, se\u00f1al\u00f3 Salas Aguirre.<\/p>\n\n\n\n<p>Se inscribieron 21 participantes de Saltillo, Parras, Torre\u00f3n y General Cepeda; la expectativa es que asistan 4,500 personas y se genere una derrama econ\u00f3mica de un mill\u00f3n de pesos entre el Festival y los diferentes servicios en el municipio.<\/p>\n\n\n\n<p>La Secretaria de Turismo y Desarrollo de Pueblos M\u00e1gicos dijo: \u201cParte de las fortalezas de General Cepeda que la distinguen, es su gastronom\u00eda, en la que destacan platillos como el asado de puerco, la fritada de cabrito, la discada norte\u00f1a y la gran calidad de quesos y productos l\u00e1cteos que aqu\u00ed se producen\u201d.<\/p>\n\n\n\n<p>Invit\u00f3 a la poblaci\u00f3n a asistir a este Segundo Festival del Ata\u00fad, que el a\u00f1o pasado reuni\u00f3 en su primera edici\u00f3n a m\u00e1s de 3 mil personas, quienes se deleitaron con las diferentes propuestas culinarias con este estilo de cocina tradicional.<\/p>\n\n\n\n<p>Por otro lado, al hablar de la reciente denominaci\u00f3n de General Cepeda como Pueblo M\u00e1gico, Ramos Ramos consider\u00f3 que fundamental impulsar la vocaci\u00f3n tur\u00edstica del municipio y que sus habitantes est\u00e9n preparados para recibir a un mayor n\u00famero de visitantes.<\/p>\n\n\n\n<p>\u201cSer\u00e1 un proceso gradual en el que iremos avanzando de la mano y con pasos firmes para que su denominaci\u00f3n como Pueblo M\u00e1gico empiece a rendir frutos\u201d.<\/p>\n","protected":false},"excerpt":{"rendered":"<p>Los dos Pueblos M\u00e1gicos tendr\u00e1n el Festival del Asado y el Festival del Ata\u00fad Saltillo, Coahuila de Zaragoza; a 11 de Julio de 2023.- Los Pueblos M\u00e1gicos de Arteaga y de General Cepeda ofrecer\u00e1n este fin de semana a turistas y visitantes los festivales del Asado y del Ata\u00fad, respectivamente, donde habr\u00e1 m\u00fasica, platillos mexicanos&#8230;<\/p>\n","protected":false},"author":1,"featured_media":602,"comment_status":"open","ping_status":"open","sticky":false,"template":"","format":"standard","meta":{"footnotes":""},"categories":[2,6],"tags":[],"class_list":["post-601","post","type-post","status-publish","format-standard","has-post-thumbnail","hentry","category-coahuila-coahuila","category-uncategorized"],"_links":{"self":[{"href":"https:\/\/lagumex.mx\/index\/wp-json\/wp\/v2\/posts\/601","targetHints":{"allow":["GET"]}}],"collection":[{"href":"https:\/\/lagumex.mx\/index\/wp-json\/wp\/v2\/posts"}],"about":[{"href":"https:\/\/lagumex.mx\/index\/wp-json\/wp\/v2\/types\/post"}],"author":[{"embeddable":true,"href":"https:\/\/lagumex.mx\/index\/wp-json\/wp\/v2\/users\/1"}],"replies":[{"embeddable":true,"href":"https:\/\/lagumex.mx\/index\/wp-json\/wp\/v2\/comments?post=601"}],"version-history":[{"count":1,"href":"https:\/\/lagumex.mx\/index\/wp-json\/wp\/v2\/posts\/601\/revisions"}],"predecessor-version":[{"id":603,"href":"https:\/\/lagumex.mx\/index\/wp-json\/wp\/v2\/posts\/601\/revisions\/603"}],"wp:featuredmedia":[{"embeddable":true,"href":"https:\/\/lagumex.mx\/index\/wp-json\/wp\/v2\/media\/602"}],"wp:attachment":[{"href":"https:\/\/lagumex.mx\/index\/wp-json\/wp\/v2\/media?parent=601"}],"wp:term":[{"taxonomy":"category","embeddable":true,"href":"https:\/\/lagumex.mx\/index\/wp-json\/wp\/v2\/categories?post=601"},{"taxonomy":"post_tag","embeddable":true,"href":"https:\/\/lagumex.mx\/index\/wp-json\/wp\/v2\/tags?post=601"}],"curies":[{"name":"wp","href":"https:\/\/api.w.org\/{rel}","templated":true}]}}