{"id":575,"date":"2023-07-11T15:36:57","date_gmt":"2023-07-11T15:36:57","guid":{"rendered":"http:\/\/lagumex.mx\/index\/?p=575"},"modified":"2023-07-11T15:36:57","modified_gmt":"2023-07-11T15:36:57","slug":"se-complica-la-vigilancia-en-contra-de-autos-racer-en-el-canon-de-fernandez","status":"publish","type":"post","link":"https:\/\/lagumex.mx\/index\/lerdo\/se-complica-la-vigilancia-en-contra-de-autos-racer-en-el-canon-de-fernandez\/","title":{"rendered":"Se complica la vigilancia en contra de autos racer en el Ca\u00f1\u00f3n de Fern\u00e1ndez"},"content":{"rendered":"\n<h2 class=\"wp-block-heading\">Es dif\u00edcil vigilar todos los ingresos por la gran extensi\u00f3n del \u00e1rea natural protegida<\/h2>\n\n\n\n<p>11 de julio de 2023. Luego de mencionar que se sigue con la vigilancia en el ca\u00f1\u00f3n de Fern\u00e1ndez, el subsecretario de Medio Ambiente y Recursos Naturales del gobierno del estado, Javier Franco, dijo que tienen el problema con la presencia de los autos racer, los cuales causan da\u00f1os a la flora y fauna.<\/p>\n\n\n\n<p>Incluso, coment\u00f3 que ante el poco personal con que se cuenta para la vigilancia, los automovilistas de este tipo de autos todo terreno, se introducen de manera ilegal al Ca\u00f1\u00f3n de Fern\u00e1ndez por caminos de terracer\u00eda de varios ejidos. Por tal motivo, cada fin de semana se complica la vigilancia por el hecho de que al detectar el personal, buscan otros ingresos para meterse al \u00e1rea natural protegida del Ca\u00f1\u00f3n de Fern\u00e1ndez para ocasionar da\u00f1os a la flora y fauna.<\/p>\n\n\n\n<p>A pregunta expresa el funcionario destac\u00f3 la buena coordinaci\u00f3n del trabajo que se realiza con el personal de la Direcci\u00f3n Municipal de Medio Ambiente de Lerdo, los cuales semana tras semana se tiene su participaci\u00f3n para evitar al m\u00e1ximo el ingreso de los autos racer al parque estatal protegido.<\/p>\n","protected":false},"excerpt":{"rendered":"<p>Es dif\u00edcil vigilar todos los ingresos por la gran extensi\u00f3n del \u00e1rea natural protegida 11 de julio de 2023. Luego de mencionar que se sigue con la vigilancia en el ca\u00f1\u00f3n de Fern\u00e1ndez, el subsecretario de Medio Ambiente y Recursos Naturales del gobierno del estado, Javier Franco, dijo que tienen el problema con la presencia&#8230;<\/p>\n","protected":false},"author":1,"featured_media":576,"comment_status":"open","ping_status":"open","sticky":false,"template":"","format":"standard","meta":{"footnotes":""},"categories":[3],"tags":[],"class_list":["post-575","post","type-post","status-publish","format-standard","has-post-thumbnail","hentry","category-lerdo"],"_links":{"self":[{"href":"https:\/\/lagumex.mx\/index\/wp-json\/wp\/v2\/posts\/575","targetHints":{"allow":["GET"]}}],"collection":[{"href":"https:\/\/lagumex.mx\/index\/wp-json\/wp\/v2\/posts"}],"about":[{"href":"https:\/\/lagumex.mx\/index\/wp-json\/wp\/v2\/types\/post"}],"author":[{"embeddable":true,"href":"https:\/\/lagumex.mx\/index\/wp-json\/wp\/v2\/users\/1"}],"replies":[{"embeddable":true,"href":"https:\/\/lagumex.mx\/index\/wp-json\/wp\/v2\/comments?post=575"}],"version-history":[{"count":1,"href":"https:\/\/lagumex.mx\/index\/wp-json\/wp\/v2\/posts\/575\/revisions"}],"predecessor-version":[{"id":577,"href":"https:\/\/lagumex.mx\/index\/wp-json\/wp\/v2\/posts\/575\/revisions\/577"}],"wp:featuredmedia":[{"embeddable":true,"href":"https:\/\/lagumex.mx\/index\/wp-json\/wp\/v2\/media\/576"}],"wp:attachment":[{"href":"https:\/\/lagumex.mx\/index\/wp-json\/wp\/v2\/media?parent=575"}],"wp:term":[{"taxonomy":"category","embeddable":true,"href":"https:\/\/lagumex.mx\/index\/wp-json\/wp\/v2\/categories?post=575"},{"taxonomy":"post_tag","embeddable":true,"href":"https:\/\/lagumex.mx\/index\/wp-json\/wp\/v2\/tags?post=575"}],"curies":[{"name":"wp","href":"https:\/\/api.w.org\/{rel}","templated":true}]}}